{"id":5050,"date":"2016-11-24T10:44:35","date_gmt":"2016-11-24T13:44:35","guid":{"rendered":"http:\/\/actualidadadiario.com\/site\/?p=5050"},"modified":"2016-11-24T10:44:35","modified_gmt":"2016-11-24T13:44:35","slug":"el-gobernador-ratifico-el-acompanamiento-del-estado-a-los-emprendedores-y-cooperativistas","status":"publish","type":"post","link":"https:\/\/www.actualidadadiario.com\/index.php\/2016\/11\/24\/el-gobernador-ratifico-el-acompanamiento-del-estado-a-los-emprendedores-y-cooperativistas\/","title":{"rendered":"El gobernador ratific\u00f3 el acompa\u00f1amiento del Estado a los emprendedores y cooperativistas"},"content":{"rendered":"<p><em><strong>\u201cLa econom\u00eda no es s\u00f3lo lo que se ve en los diarios, sino lo que pasa en cada hogar, en cada familia. Eso es crecimiento y desarrollo: cuando una familia mejora, mejora tambi\u00e9n la provincia y la Naci\u00f3n. A este concepto de econom\u00eda social lo tenemos arraigado. Tambi\u00e9n decidimos incluirlo en el presupuesto que anoche aprob\u00f3 la C\u00e1mara de Diputados\u201d, dijo hoy el gobernador Gustavo Bordet al entregar aportes por 17,3 millones de pesos a emprendedores, j\u00f3venes profesionales y cooperativas de trabajo<\/strong><\/em><\/p>\n<p>&nbsp;<\/p>\n<p>&nbsp;<\/p>\n<p>&nbsp;<\/p>\n<p>&nbsp;<\/p>\n<p>&nbsp;<\/p>\n<p>&#8220;Cuando desde la provincia decidimos invertir para nuestros emprendedores lo hacemos con el convencimiento de que esto adem\u00e1s de ser inclusi\u00f3n social es tambi\u00e9n desarrollo econ\u00f3mico\u201d, afirm\u00f3 en el marco del cuarto Encuentro Provincial de Econom\u00eda Social y primer Encuentro de Econom\u00eda Social y Ambiente.<\/p>\n<p>&nbsp;<\/p>\n<p>En el acto desarrollado en La Vieja Usina de Paran\u00e1, del que participaron tambi\u00e9n la ministra de Desarrollo Social, Laura Stratta y la secretaria de Ambiente, Bel\u00e9n Esteves, se entregaron aportes por un monto total de 17,3 millones de pesos. Ser\u00e1n 48 millones los invertidos en el a\u00f1o.<\/p>\n<p>&nbsp;<\/p>\n<p>El mandatario record\u00f3 la \u00e9poca en que fue ministro de Desarrollo Social. &#8220;En aquel momento se estaba saliendo de un viejo esquema donde las pol\u00edticas sociales eran la asistencia directa que se repart\u00eda como un bot\u00edn pol\u00edtico para distintos punteros y donde la pol\u00edtica se generaba a partir de la entrega clientelar a cientos de familias que lo necesitaban pero que a su vez, esas familias nunca pod\u00edan dar un salto para salir de ese c\u00edrculo vicioso que era el asistencialismo. Me toc\u00f3 ser parte de ese proceso de cambio donde de la focalizaci\u00f3n de las pol\u00edticas sociales se pas\u00f3 a la universalizaci\u00f3n de las mismas&#8221;.<\/p>\n<p>&nbsp;<\/p>\n<p>&#8220;Como dec\u00eda Eva Per\u00f3n: Donde hay una necesidad hay un derecho y esto tiene que ser igual para todos, no para un partido pol\u00edtico, sino que tiene que ser horizontal para todos los ciudadanos porque no puede haber discriminaci\u00f3n y que tres o cuatro vivos se queden con parte de esa ayuda en beneficio propio o de una actividad pol\u00edtica que en vez de ennoblecerla la degrada&#8221;, sostuvo Bordet.<\/p>\n<p>&nbsp;<\/p>\n<p>Afirm\u00f3 que &#8220;estamos asistiendo a lo que es el desarrollo social visto de una manera integral. Hace falta a veces la ayuda directa, por ejemplo, cuando tenemos emergencias pero tambi\u00e9n hay que pensar las pol\u00edticas sociales con una perspectiva de crecimiento de desarrollo de nuestros pueblos y familias&#8221;.<\/p>\n<p>&nbsp;<\/p>\n<p>En ese sentido, asegur\u00f3: &#8220;Cuando desde la provincia decidimos invertir 48 millones de pesos para nuestros emprendedores lo hacemos con el convencimiento de que esto adem\u00e1s de ser inclusi\u00f3n social es desarrollo econ\u00f3mico tambi\u00e9n\u201d.<\/p>\n<p>&nbsp;<\/p>\n<p>&nbsp;<\/p>\n<p>&nbsp;<\/p>\n<p>&nbsp;<\/p>\n<p><strong>\u00a0<\/strong><\/p>\n<p><strong>Cooperativismo <\/strong><\/p>\n<p>Luego, se dirigi\u00f3 a los emprendedores y a las cooperativas. &#8220;La forma asociativa en el cooperativismo nunca va a perder vigencia porque es una forma asociativa solidaria, donde lo que importa no es el lucro, sino el resultado del esfuerzo conjunto y el trabajo armonizado. Tenemos la firme decisi\u00f3n de seguir acompa\u00f1ando a nuestros cooperativistas y emprendedores. Estamos dispuestos a seguir apoy\u00e1ndolos, no s\u00f3lo desde lo econ\u00f3mico, como en este caso con 17 millones de pesos que entregamos hoy, sino tambi\u00e9n con el acompa\u00f1amiento t\u00e9cnico de nuestros equipos del Ministerio que permanentemente los est\u00e1n guiando para poder lograr el objetivo&#8221;.<\/p>\n<p>&nbsp;<\/p>\n<p>&nbsp;<\/p>\n<p>&nbsp;<\/p>\n<p>&nbsp;<\/p>\n<p>&nbsp;<\/p>\n<p><strong>Decisi\u00f3n pol\u00edtica <\/strong><\/p>\n<p>Al momento de tomar la palabra, la ministra Stratta asegur\u00f3: \u201cQuiero agradecer especialmente al gobernador, Gustavo Bordet, porque fortalece la econom\u00eda social, en hechos concretos y en personas concretas que hoy est\u00e1n representadas en ustedes. Este encuentro es una muestra que la econom\u00eda social dinamiza la econom\u00eda, y en Entre R\u00edos est\u00e1 la decisi\u00f3n pol\u00edtica de generar oportunidades donde no las hay\u201d.<\/p>\n<p>&nbsp;<\/p>\n<p>Y agreg\u00f3: \u201cEste encuentro nos permite mostrar la articulaci\u00f3n concreta entre las diferentes \u00e1reas del gobierno provincial, porque adem\u00e1s de ser el 4\u00ba Encuentro de Econom\u00eda Social, es el 1\u00ba de Econom\u00eda Social y Ambiente; creemos que estas tem\u00e1ticas deben converger y ser trabajadas transversalmente desde las diferentes miradas\u201d.<\/p>\n<p>&nbsp;<\/p>\n<p>\u201cEste acto es resultado de un complejo engranaje de articulaciones entre provincia, municipios, cooperativas, emprendedores, entre otros actores fundamentales.<\/p>\n<p>Tenemos que redoblar el esfuerzo en continuar dise\u00f1ando pol\u00edticas p\u00fablicas que generen inclusi\u00f3n y desarrollo, pero sobre todo oportunidades all\u00ed donde no las hay\u201d, concluy\u00f3 Stratta.<\/p>\n<p>&nbsp;<\/p>\n<p>&nbsp;<\/p>\n<p>&nbsp;<\/p>\n<p>&nbsp;<\/p>\n<p>&nbsp;<\/p>\n<p><strong>Fortalecimiento a las cooperativas <\/strong><\/p>\n<p>La secretaria de Ambiente, Bel\u00e9n Estev\u00e9s, se refiri\u00f3 al esp\u00edritu que persigue este Primer Encuentro de Econom\u00eda Social y Ambiente: &#8220;Para nosotros es una enorme alegr\u00eda celebrar hoy este primer encuentro, en conjunto con el Ministerio de Desarrollo Social y el Instituto de Cooperativas y Mutualidades, del Ministerio de Gobierno. Buscamos fortalecer las cooperativas clasificadoras y de tratamiento de los residuos s\u00f3lidos urbanos que nos parece fundamental. La cooperativas cumplen un rol fundamental en lo todo el andamiaje de la gesti\u00f3n integral de los residuos s\u00f3lidos urbanos. La idea es que estas cooperativas puedan transformarse en verdaderas empresas sociales, sustentables en el tiempo&#8221;, destac\u00f3 la funcionaria.<\/p>\n<p>&nbsp;<\/p>\n<p>Mencion\u00f3 que la provincia tiene una generaci\u00f3n diaria de casi 1.500 toneladas de residuos con lo cual &#8220;el trabajo de reciclado es tan importante como la generaci\u00f3n, recolecci\u00f3n y el tratamiento porque evitamos enterramiento, basurales a cielo abierto, y presi\u00f3n sobre nuestros recursos naturales y se generan trabajos dignos&#8221;.<\/p>\n<p>&nbsp;<\/p>\n<p>&#8220;Nuestro gran desaf\u00edo tiene que ver con formalizar el trabajo informal de los trabajadores de la basura y avanzar juntos en la gesti\u00f3n integral de los residuos y para eso tenemos un plan de regionalizaci\u00f3n para ir paulatinamente con los municipios ir cerrando los basurales a cielo abierto que tanto da\u00f1o causan sobre el ambiente&#8221;, afirm\u00f3 Esteves. Y a\u00f1adi\u00f3: &#8220;En este sentido, los gobierno locales tienen un rol preponderante para avanzar hacia una gesti\u00f3n adecuada en materia ambiental&#8221;.<\/p>\n<p>&nbsp;<\/p>\n<p>&nbsp;<\/p>\n<p>&nbsp;<\/p>\n<p>&nbsp;<\/p>\n<p>&nbsp;<\/p>\n<p><strong>Apoyo a emprendedores entrerrianos <\/strong><\/p>\n<p>Durante la actividad, y en el marco del programa de Incorporaci\u00f3n de Tecnolog\u00eda, el gobernador Bordet entreg\u00f3 certificados a emprendedores entrerrianos que recibir\u00e1n maquinarias y herramientas para mejorar su producci\u00f3n.<\/p>\n<p>&nbsp;<\/p>\n<p>En la oportunidad, dio su testimonio Cristina Lescano quien es socia fundadora de la cooperativa El Ceibo de Capital Federal quien se refiri\u00f3 al proceso del trabajo individual con los residuos a la organizaci\u00f3n que tienen hoy con la cooperativa, referente en el pa\u00eds.<\/p>\n<p>&nbsp;<\/p>\n<p>El gobierno provincial tambi\u00e9n otorg\u00f3 certificados de manera simb\u00f3lica a 14 j\u00f3venes entrerrianos que participaron del programa Crecer, en esta segunda etapa del a\u00f1o. Un total de 850 emprendedores, de 18 a 35 a\u00f1os, de las localidades de Federaci\u00f3n, Chajar\u00ed, Villa del Rosario, Hasenkamp, Mar\u00eda Grande, Cerrito, Tabossi, Segu\u00ed, Feliciano, San Gustavo, La Paz, Santa Elena, Ceibas, Villa Paranacito, e Ibicuy asistieron semanalmente a las capacitaciones que los equipos t\u00e9cnicos del ministerio brindaron en estas ciudades de la provincia, a fin de que los cursantes puedan impulsar diferentes emprendimientos productivos o de servicios.<\/p>\n<p>&nbsp;<\/p>\n<p>En la oportunidad, dos j\u00f3venes profesionales entrerrianos recibieron los fondos correspondientes al programa Cr\u00e9dito Joven, que financia herramientas y equipamiento a flamantes egresados que buscan iniciarse en el camino laboral.<\/p>\n<p>&nbsp;<\/p>\n<p>Seguidamente, 22 emprendedores de toda la provincia pertenecientes a seis grupos solidarios obtuvieron microcr\u00e9ditos para que potencien sus microemprendimientos productivos, comerciales o de servicios, a trav\u00e9s de la adquisici\u00f3n de insumos y maquinarias.<\/p>\n<p>&nbsp;<\/p>\n<p>Unos de los emprendedores que recibi\u00f3 un microcr\u00e9dito, Gerardo Valota, perteneciente al grupo solidario Amanecer (de Villa Urquiza) se\u00f1al\u00f3 ante los presentes: \u201cNosotros creemos que se trata de mirar para adelante. Con este microcr\u00e9ditos queremos crear una micro empresa y poder salir adelante. Hay que pensar que se puede. Aprendimos que el Ministerio no es una esquina de Paran\u00e1, sino que somos, participamos y trabajamos todos. Hoy estamos ac\u00e1 para agradecerles\u201d, concluy\u00f3.<\/p>\n<p>&nbsp;<\/p>\n<p>Durante el acto, adem\u00e1s, seis cooperativas entrerrianas obtuvieron prefinanciamiento por un monto total de 1,4 millones de pesos que podr\u00e1n acceder a recursos financieros destinados a la adquisici\u00f3n de insumos o materias primas. Se trata de Cooperativa Ap\u00edcola del Paran\u00e1 Ltda (Paran\u00e1), Cooperativa del Tala Ltda (Rosario del Tala), Cooperativa Ap\u00edcola La Colmena (Nogoy\u00e1), Cooperativa Confecciones Eigenfeld (Aldea Eigenfeld), Cooperativa de Trabajo Villa Mantero (Villa Mantero) y Consorcio Concordia- Programa Comercializaci\u00f3n- Concordia: &#8220;Comercializadora&#8221; (Concordia)<\/p>\n<p>&nbsp;<\/p>\n<p>&nbsp;<\/p>\n<p>&nbsp;<\/p>\n<p>&nbsp;<\/p>\n<p>&nbsp;<\/p>\n<p><strong>Aportes a municipios <\/strong><\/p>\n<p>En el marco de la entrega de contribuciones a la econom\u00eda social, tambi\u00e9n el Estado provincial brind\u00f3 aportes a siete municipios orientados a distintos fines por un monto total de 3.438.000 pesos. Quienes recibieron estos fondos son los gobiernos locales de Villa Clara, San Jos\u00e9 de Feliciano, Santa Anita, Villa Paranacito, Ibicuy, San Gustavo y Hasenkamp.<\/p>\n","protected":false},"excerpt":{"rendered":"<p>\u201cLa econom\u00eda no es s\u00f3lo lo que se ve en los diarios, sino lo que pasa en cada hogar, en cada familia. Eso es crecimiento y desarrollo: cuando una familia mejora, mejora tambi\u00e9n la provincia y la Naci\u00f3n. A este concepto de econom\u00eda social lo tenemos arraigado. Tambi\u00e9n decidimos incluirlo en el presupuesto que anoche aprob\u00f3 la C\u00e1mara de Diputados\u201d, dijo hoy el gobernador Gustavo Bordet al entregar aportes por 17,3 millones de pesos a emprendedores, j\u00f3venes profesionales y cooperativas de trabajo &nbsp; &nbsp; &nbsp; &nbsp; &nbsp; &#8220;Cuando desde la&#8230;<\/p>\n","protected":false},"author":3,"featured_media":5051,"comment_status":"closed","ping_status":"closed","sticky":false,"template":"","format":"standard","meta":[],"categories":[9],"tags":[],"_links":{"self":[{"href":"https:\/\/www.actualidadadiario.com\/index.php\/wp-json\/wp\/v2\/posts\/5050"}],"collection":[{"href":"https:\/\/www.actualidadadiario.com\/index.php\/wp-json\/wp\/v2\/posts"}],"about":[{"href":"https:\/\/www.actualidadadiario.com\/index.php\/wp-json\/wp\/v2\/types\/post"}],"author":[{"embeddable":true,"href":"https:\/\/www.actualidadadiario.com\/index.php\/wp-json\/wp\/v2\/users\/3"}],"replies":[{"embeddable":true,"href":"https:\/\/www.actualidadadiario.com\/index.php\/wp-json\/wp\/v2\/comments?post=5050"}],"version-history":[{"count":1,"href":"https:\/\/www.actualidadadiario.com\/index.php\/wp-json\/wp\/v2\/posts\/5050\/revisions"}],"predecessor-version":[{"id":5052,"href":"https:\/\/www.actualidadadiario.com\/index.php\/wp-json\/wp\/v2\/posts\/5050\/revisions\/5052"}],"wp:featuredmedia":[{"embeddable":true,"href":"https:\/\/www.actualidadadiario.com\/index.php\/wp-json\/wp\/v2\/media\/5051"}],"wp:attachment":[{"href":"https:\/\/www.actualidadadiario.com\/index.php\/wp-json\/wp\/v2\/media?parent=5050"}],"wp:term":[{"taxonomy":"category","embeddable":true,"href":"https:\/\/www.actualidadadiario.com\/index.php\/wp-json\/wp\/v2\/categories?post=5050"},{"taxonomy":"post_tag","embeddable":true,"href":"https:\/\/www.actualidadadiario.com\/index.php\/wp-json\/wp\/v2\/tags?post=5050"}],"curies":[{"name":"wp","href":"https:\/\/api.w.org\/{rel}","templated":true}]}}