{"id":5047,"date":"2016-11-24T10:43:29","date_gmt":"2016-11-24T13:43:29","guid":{"rendered":"http:\/\/actualidadadiario.com\/site\/?p=5047"},"modified":"2016-11-24T10:43:29","modified_gmt":"2016-11-24T13:43:29","slug":"bordet-destaco-la-aprobacion-del-presupuesto-2017-en-diputados","status":"publish","type":"post","link":"https:\/\/www.actualidadadiario.com\/index.php\/2016\/11\/24\/bordet-destaco-la-aprobacion-del-presupuesto-2017-en-diputados\/","title":{"rendered":"Bordet destac\u00f3 la aprobaci\u00f3n del Presupuesto 2017 en Diputados"},"content":{"rendered":"<p><strong><em>El gobernador Gustavo Bordet destac\u00f3 que en la C\u00e1mara de Diputados de la provincia por unanimidad se haya aprobado en general el proyecto de Presupuesto 2017. \u201cDije en m\u00e1s de una oportunidad que estos son tiempos de madurez y responsabilidad y que gobernamos buscando consensos y articulando pol\u00edticas p\u00fablicas con todos los sectores\u201d, sostuvo el mandatario<\/em><\/strong><\/p>\n<p>&nbsp;<\/p>\n<p>&nbsp;<\/p>\n<p>&nbsp;<\/p>\n<p>&nbsp;<\/p>\n<p>&nbsp;<\/p>\n<p>&nbsp;<\/p>\n<p>En su perfil de Facebook, afirm\u00f3 luego: \u201cHemos logrado una vez m\u00e1s ponernos de acuerdo y lo hicimos contemplando distintas visiones y acercando posiciones. Valoramos el acompa\u00f1amiento de las distintas fuerzas pol\u00edticas que componen nuestra C\u00e1mara de Diputados. Un ejercicio democr\u00e1tico es escucharnos y ponernos de acuerdo\u201d.<\/p>\n<p>&nbsp;<\/p>\n<p>\u201cProyectamos metas muy reales, con mucha certeza y que tambi\u00e9n tienen que ver con objetivos compartidos con el gobierno nacional porque no se puede disociar lo que son metas nacionales con metas provinciales y la verdad que hemos trabajo con mucha conciencia para poder tener en 2017 un presupuesto ordenado y equilibrado para Entre R\u00edos\u201d, concluy\u00f3 Bordet.<\/p>\n","protected":false},"excerpt":{"rendered":"<p>El gobernador Gustavo Bordet destac\u00f3 que en la C\u00e1mara de Diputados de la provincia por unanimidad se haya aprobado en general el proyecto de Presupuesto 2017. \u201cDije en m\u00e1s de una oportunidad que estos son tiempos de madurez y responsabilidad y que gobernamos buscando consensos y articulando pol\u00edticas p\u00fablicas con todos los sectores\u201d, sostuvo el mandatario &nbsp; &nbsp; &nbsp; &nbsp; &nbsp; &nbsp; En su perfil de Facebook, afirm\u00f3 luego: \u201cHemos logrado una vez m\u00e1s ponernos de acuerdo y lo hicimos contemplando distintas visiones y acercando posiciones. Valoramos el acompa\u00f1amiento de&#8230;<\/p>\n","protected":false},"author":3,"featured_media":5048,"comment_status":"closed","ping_status":"closed","sticky":false,"template":"","format":"standard","meta":[],"categories":[15],"tags":[],"_links":{"self":[{"href":"https:\/\/www.actualidadadiario.com\/index.php\/wp-json\/wp\/v2\/posts\/5047"}],"collection":[{"href":"https:\/\/www.actualidadadiario.com\/index.php\/wp-json\/wp\/v2\/posts"}],"about":[{"href":"https:\/\/www.actualidadadiario.com\/index.php\/wp-json\/wp\/v2\/types\/post"}],"author":[{"embeddable":true,"href":"https:\/\/www.actualidadadiario.com\/index.php\/wp-json\/wp\/v2\/users\/3"}],"replies":[{"embeddable":true,"href":"https:\/\/www.actualidadadiario.com\/index.php\/wp-json\/wp\/v2\/comments?post=5047"}],"version-history":[{"count":1,"href":"https:\/\/www.actualidadadiario.com\/index.php\/wp-json\/wp\/v2\/posts\/5047\/revisions"}],"predecessor-version":[{"id":5049,"href":"https:\/\/www.actualidadadiario.com\/index.php\/wp-json\/wp\/v2\/posts\/5047\/revisions\/5049"}],"wp:featuredmedia":[{"embeddable":true,"href":"https:\/\/www.actualidadadiario.com\/index.php\/wp-json\/wp\/v2\/media\/5048"}],"wp:attachment":[{"href":"https:\/\/www.actualidadadiario.com\/index.php\/wp-json\/wp\/v2\/media?parent=5047"}],"wp:term":[{"taxonomy":"category","embeddable":true,"href":"https:\/\/www.actualidadadiario.com\/index.php\/wp-json\/wp\/v2\/categories?post=5047"},{"taxonomy":"post_tag","embeddable":true,"href":"https:\/\/www.actualidadadiario.com\/index.php\/wp-json\/wp\/v2\/tags?post=5047"}],"curies":[{"name":"wp","href":"https:\/\/api.w.org\/{rel}","templated":true}]}}