{"id":5044,"date":"2016-11-24T10:40:36","date_gmt":"2016-11-24T13:40:36","guid":{"rendered":"http:\/\/actualidadadiario.com\/site\/?p=5044"},"modified":"2019-05-06T20:57:36","modified_gmt":"2019-05-06T23:57:36","slug":"en-las-palabras-del-presidente-se-esconde-la-intencion-de-flexibilizar-el-trabajo","status":"publish","type":"post","link":"https:\/\/www.actualidadadiario.com\/index.php\/2016\/11\/24\/en-las-palabras-del-presidente-se-esconde-la-intencion-de-flexibilizar-el-trabajo\/","title":{"rendered":"&#8221;En las palabras del Presidente se esconde la intenci\u00f3n de flexibilizar el trabajo&#8221;"},"content":{"rendered":"<p><em><strong>Andr\u00e9s Rodr\u00edguez sali\u00f3 al cruce de la propuesta de Mauricio Macri de revisar los convenios colectivos de trabajo en 2017. &#8220;Esto ya lo conocemos y siempre ha sido negativo para el sector del trabajo&#8221;, advirti\u00f3 el secretario general de UPCN<\/strong><\/em><\/p>\n<p>&nbsp;<\/p>\n<p>&nbsp;<\/p>\n<p>&nbsp;<\/p>\n<p>&nbsp;<\/p>\n<p>El secretario adjunto de la CGT y titular de UPCN, Andr\u00e9s Rodr\u00edguez, rechaz\u00f3 la posibilidad de que el Gobierno d\u00e9 de baja a los actuales convenios colectivos de trabajo.<\/p>\n<p>&nbsp;<\/p>\n<p>&#8220;Ac\u00e1 parece que el \u00fanico problema son los costos laborales&#8230; y eso ya lo conocemos de otras realidades pol\u00edticos y ha sido negativo para el sector del trabajo&#8221;, dijo.<\/p>\n<p>&nbsp;<\/p>\n<p>As\u00ed, Rodr\u00edguez sali\u00f3 a desenmascarar la verdadera intenci\u00f3n del Gobierno luego de que el presidente sugiriera revisar los convenios colectivos de trabajo porque, seg\u00fan indicaron funcionarios macristas, &#8220;traban la productividad&#8221;.<\/p>\n","protected":false},"excerpt":{"rendered":"<p>Andr\u00e9s Rodr\u00edguez sali\u00f3 al cruce de la propuesta de Mauricio Macri de revisar los convenios colectivos de trabajo en 2017. &#8220;Esto ya lo conocemos y siempre ha sido negativo para el sector del trabajo&#8221;, advirti\u00f3 el secretario general de UPCN &nbsp; &nbsp; &nbsp; &nbsp; El secretario adjunto de la CGT y titular de UPCN, Andr\u00e9s Rodr\u00edguez, rechaz\u00f3 la posibilidad de que el Gobierno d\u00e9 de baja a los actuales convenios colectivos de trabajo. &nbsp; &#8220;Ac\u00e1 parece que el \u00fanico problema son los costos laborales&#8230; y eso ya lo conocemos de&#8230;<\/p>\n","protected":false},"author":3,"featured_media":5045,"comment_status":"closed","ping_status":"closed","sticky":false,"template":"","format":"standard","meta":[],"categories":[18],"tags":[],"_links":{"self":[{"href":"https:\/\/www.actualidadadiario.com\/index.php\/wp-json\/wp\/v2\/posts\/5044"}],"collection":[{"href":"https:\/\/www.actualidadadiario.com\/index.php\/wp-json\/wp\/v2\/posts"}],"about":[{"href":"https:\/\/www.actualidadadiario.com\/index.php\/wp-json\/wp\/v2\/types\/post"}],"author":[{"embeddable":true,"href":"https:\/\/www.actualidadadiario.com\/index.php\/wp-json\/wp\/v2\/users\/3"}],"replies":[{"embeddable":true,"href":"https:\/\/www.actualidadadiario.com\/index.php\/wp-json\/wp\/v2\/comments?post=5044"}],"version-history":[{"count":1,"href":"https:\/\/www.actualidadadiario.com\/index.php\/wp-json\/wp\/v2\/posts\/5044\/revisions"}],"predecessor-version":[{"id":5046,"href":"https:\/\/www.actualidadadiario.com\/index.php\/wp-json\/wp\/v2\/posts\/5044\/revisions\/5046"}],"wp:featuredmedia":[{"embeddable":true,"href":"https:\/\/www.actualidadadiario.com\/index.php\/wp-json\/wp\/v2\/media\/5045"}],"wp:attachment":[{"href":"https:\/\/www.actualidadadiario.com\/index.php\/wp-json\/wp\/v2\/media?parent=5044"}],"wp:term":[{"taxonomy":"category","embeddable":true,"href":"https:\/\/www.actualidadadiario.com\/index.php\/wp-json\/wp\/v2\/categories?post=5044"},{"taxonomy":"post_tag","embeddable":true,"href":"https:\/\/www.actualidadadiario.com\/index.php\/wp-json\/wp\/v2\/tags?post=5044"}],"curies":[{"name":"wp","href":"https:\/\/api.w.org\/{rel}","templated":true}]}}