{"id":5038,"date":"2016-11-24T10:32:56","date_gmt":"2016-11-24T13:32:56","guid":{"rendered":"http:\/\/actualidadadiario.com\/site\/?p=5038"},"modified":"2016-11-24T10:32:56","modified_gmt":"2016-11-24T13:32:56","slug":"tras-acuerdo-con-gobierno-la-uia-dice-que-no-puede-obligar-a-las-empresas-a-no-despedir","status":"publish","type":"post","link":"https:\/\/www.actualidadadiario.com\/index.php\/2016\/11\/24\/tras-acuerdo-con-gobierno-la-uia-dice-que-no-puede-obligar-a-las-empresas-a-no-despedir\/","title":{"rendered":"Tras acuerdo con Gobierno, la UIA dice que no puede &#8220;obligar&#8221; a las empresas a no despedir"},"content":{"rendered":"<p><em><strong>Luego de que el gobierno de Mauricio Macri firmara el mi\u00e9rcoles un pacto voluntarista con las c\u00e1maras empresariales para no producir despidos hasta marzo y encarrilara un proyecto consensuado de emergencia social, el vicepresidente de la Uni\u00f3n Industrial Argentina, Daniel Funes de Rioja, sostuvo que &#8220;la UIA no tiene facultad para obligar a las empresas a no despedir&#8221;<\/strong><\/em><\/p>\n<p>&nbsp;<\/p>\n<p>&nbsp;<\/p>\n<p>&nbsp;<\/p>\n<p>&nbsp;<\/p>\n<p>&nbsp;<\/p>\n<p>&nbsp;<\/p>\n<p>&#8220;No es razonable pensar que a las pymes que est\u00e1n trabajando con problemas de producci\u00f3n y exportaci\u00f3n de mercado, les puedan decir que no goce de un derecho que tiene. Uno no despide porque quiere sino por necesidad&#8221;, se\u00f1al\u00f3 el dirigente en declaraciones al programa &#8220;Ma\u00f1ana Sylvestre&#8221; que se emite por Radio 10.<\/p>\n<p>&nbsp;<\/p>\n<p>Sin embargo, el presidente la Coordinadora de Industrias de Productos Alimenticios (Copal) dijo: &#8220;Esto no implica que no se haga un esfuerzo en un pa\u00eds con altos niveles de pobreza para no despedir&#8221;.<\/p>\n<p>&nbsp;<\/p>\n<p>En mayo, el presidente Mauricio Macri ya hab\u00eda suscripto el &#8220;compromiso por el empleo&#8221; con los empresarios, a trav\u00e9s del cual se compromet\u00edan a mantener sus planteles de trabajadores. Sin embargo, el pacto no fren\u00f3 la sangr\u00eda: seg\u00fan datos oficiales el empleo registrado cay\u00f3 1,5% por la eliminaci\u00f3n de 127.595 puestos de trabajo en los primeros nueve meses del a\u00f1o.<\/p>\n<p>&nbsp;<\/p>\n<p>En tanto, el Gobierno resalt\u00f3 que se lleg\u00f3 con empresarios y sindicalistas a un &#8220;compromiso de mantener los puestos de trabajo&#8221; hasta marzo de 2017, tal como anticip\u00f3 \u00e1mbito.com<\/p>\n<p>&nbsp;<\/p>\n<p>En ese contexto, Funes de Rioja resalt\u00f3 que la UIA no tiene facultades para obligar a las empresas a dar aumentos ni a despedir. &#8220;Muchos sindicatos y empresas pactan suspensiones, vacaciones adelantadas para adecuarse a la realidad y evitar despidos&#8221;, concluy\u00f3.<\/p>\n","protected":false},"excerpt":{"rendered":"<p>Luego de que el gobierno de Mauricio Macri firmara el mi\u00e9rcoles un pacto voluntarista con las c\u00e1maras empresariales para no producir despidos hasta marzo y encarrilara un proyecto consensuado de emergencia social, el vicepresidente de la Uni\u00f3n Industrial Argentina, Daniel Funes de Rioja, sostuvo que &#8220;la UIA no tiene facultad para obligar a las empresas a no despedir&#8221; &nbsp; &nbsp; &nbsp; &nbsp; &nbsp; &nbsp; &#8220;No es razonable pensar que a las pymes que est\u00e1n trabajando con problemas de producci\u00f3n y exportaci\u00f3n de mercado, les puedan decir que no goce de&#8230;<\/p>\n","protected":false},"author":3,"featured_media":5039,"comment_status":"closed","ping_status":"closed","sticky":false,"template":"","format":"standard","meta":[],"categories":[18],"tags":[],"_links":{"self":[{"href":"https:\/\/www.actualidadadiario.com\/index.php\/wp-json\/wp\/v2\/posts\/5038"}],"collection":[{"href":"https:\/\/www.actualidadadiario.com\/index.php\/wp-json\/wp\/v2\/posts"}],"about":[{"href":"https:\/\/www.actualidadadiario.com\/index.php\/wp-json\/wp\/v2\/types\/post"}],"author":[{"embeddable":true,"href":"https:\/\/www.actualidadadiario.com\/index.php\/wp-json\/wp\/v2\/users\/3"}],"replies":[{"embeddable":true,"href":"https:\/\/www.actualidadadiario.com\/index.php\/wp-json\/wp\/v2\/comments?post=5038"}],"version-history":[{"count":1,"href":"https:\/\/www.actualidadadiario.com\/index.php\/wp-json\/wp\/v2\/posts\/5038\/revisions"}],"predecessor-version":[{"id":5040,"href":"https:\/\/www.actualidadadiario.com\/index.php\/wp-json\/wp\/v2\/posts\/5038\/revisions\/5040"}],"wp:featuredmedia":[{"embeddable":true,"href":"https:\/\/www.actualidadadiario.com\/index.php\/wp-json\/wp\/v2\/media\/5039"}],"wp:attachment":[{"href":"https:\/\/www.actualidadadiario.com\/index.php\/wp-json\/wp\/v2\/media?parent=5038"}],"wp:term":[{"taxonomy":"category","embeddable":true,"href":"https:\/\/www.actualidadadiario.com\/index.php\/wp-json\/wp\/v2\/categories?post=5038"},{"taxonomy":"post_tag","embeddable":true,"href":"https:\/\/www.actualidadadiario.com\/index.php\/wp-json\/wp\/v2\/tags?post=5038"}],"curies":[{"name":"wp","href":"https:\/\/api.w.org\/{rel}","templated":true}]}}