{"id":5035,"date":"2016-11-24T10:32:03","date_gmt":"2016-11-24T13:32:03","guid":{"rendered":"http:\/\/actualidadadiario.com\/site\/?p=5035"},"modified":"2016-11-24T10:32:03","modified_gmt":"2016-11-24T13:32:03","slug":"el-papa-sobre-narcotrafico-argentina-era-un-pais-de-transito-y-ahora-es-de-consumo-y-produccion","status":"publish","type":"post","link":"https:\/\/www.actualidadadiario.com\/index.php\/2016\/11\/24\/el-papa-sobre-narcotrafico-argentina-era-un-pais-de-transito-y-ahora-es-de-consumo-y-produccion\/","title":{"rendered":"El Papa, sobre narcotr\u00e1fico: &#8220;Argentina era un pa\u00eds de tr\u00e1nsito y ahora es de consumo y producci\u00f3n&#8221;"},"content":{"rendered":"<p><em><strong>El papa Francisco record\u00f3 que &#8220;en 30 a\u00f1os&#8221; Argentina pas\u00f3 de ser un pa\u00eds de tr\u00e1nsito de drogas a tener &#8220;consumo y un poco de producci\u00f3n&#8221;, al tiempo que pidi\u00f3 combatirla con &#8220;prevenci\u00f3n, plena y segura rehabilitaci\u00f3n de sus v\u00edctimas&#8221; e investigar el rol de &#8220;los bancos que se dedican al blanqueo del dinero sucio&#8221;, en un discurso a los participantes de un simposio sobre narcotr\u00e1fico en el Vaticano<\/strong><\/em><\/p>\n<p>&nbsp;<\/p>\n<p>&nbsp;<\/p>\n<p>&nbsp;<\/p>\n<p>&nbsp;<\/p>\n<p>&nbsp;<\/p>\n<p>&nbsp;<\/p>\n<p>&nbsp;<\/p>\n<p>&#8220;La prevenci\u00f3n de la droga siempre se ve frenada por mil y un problemas de ineptitud de un gobierno y casi no existen programas de prevenci\u00f3n de drogas&#8221;, afirm\u00f3 al hablar ante los participantes de un encuentro internacional de debate sobre narc\u00f3ticos que se desarrolla en la Casina P\u00edo VI, en el Vaticano.<\/p>\n<p>&nbsp;<\/p>\n<p>Al encuentro asisten representantes de 10 pa\u00edses, entre ellos una delegaci\u00f3n argentina de la que forman parte el titular de la Sedronar, Roberto Moro; uno de los \u00faltimos titulares de ese organismo del gobierno anterior, el cura Juan Carlos Molina; los jueces Daniel Rafecas, Zunilda Niremperger y Sergio Torres, y el presidente de la Pastoral Social, monse\u00f1or Jorge Lozano.<\/p>\n<p>&nbsp;<\/p>\n<p>&#8220;Una vez que (el narcotr\u00e1fico) avanz\u00f3 y se radic\u00f3 en la sociedad es muy dif\u00edcil. Pienso en mi patria: hace 30 a\u00f1os era un pa\u00eds de tr\u00e1nsito, y ahora es un pa\u00eds de consumo y hasta algo de producci\u00f3n. Es un progreso que se da gracias al compromiso mafioso de los responsables&#8221;, denunci\u00f3 el Papa.<\/p>\n<p>&nbsp;<\/p>\n<p>Sostuvo que la droga &#8220;es una herida en nuestra sociedad, que atrapa a mucha gente en sus redes, v\u00edctimas que han perdido su libertad a cambio de esta esclavitud, de una dependencia que podr\u00edamos llamar qu\u00edmica&#8221;, y asever\u00f3 que &#8220;ciertamente es una nueva forma de esclavitud&#8221;.<\/p>\n<p>&nbsp;<\/p>\n<p>Sentado junto a la reina Silvia de Suecia y al canciller de la Academia Pontificia de Ciencias, monse\u00f1or Marcelo S\u00e1nchez Sorondo, el papa Francisco se refiri\u00f3 a las causas que llevan a la dependencia de la droga, entre las que mencion\u00f3 &#8220;la ausencia de familia, la presi\u00f3n social, la propaganda de los traficantes&#8221;.<\/p>\n<p>&nbsp;<\/p>\n<p>Dijo que cada persona &#8220;debe ser escuchada, comprendida, amada y, en cuanto posible, sanada y purificada&#8221; sin caer en la &#8220;injusticia de clasificar al drogadependiente como si fueran objetos o trastos rotos&#8221;.<\/p>\n<p>&nbsp;<\/p>\n<p>El Papa insisti\u00f3 en la necesidad de &#8220;conocer cu\u00e1l es el alcance del problema de la droga y la vastedad de sus centros de producci\u00f3n y de su sistema de distribuci\u00f3n&#8221;, lo que &#8220;representa una parte importante del crimen organizado&#8221;.<\/p>\n<p>&nbsp;<\/p>\n<p>Consider\u00f3 como un &#8220;desaf\u00edo&#8221; la posibilidad de &#8220;identificar el modo de controlar los circuitos de corrupci\u00f3n y las formas de blanqueo de dinero&#8221;. &#8220;Para ello, no queda otro camino que el de remontar la cadena que va desde el comercio de drogas en peque\u00f1a escala hasta las formas m\u00e1s sofisticadas de lavado, que anidan en el capital financiero y en los bancos que se dedican al blanqueo del dinero sucio&#8221;, pidi\u00f3.<\/p>\n<p>&nbsp;<\/p>\n<p>En un momento de su discurso, Francisco record\u00f3 un episodio con un juez argentino, al que no identific\u00f3, que &#8220;ten\u00eda varios miles de kil\u00f3metros de frontera de jurisdicci\u00f3n sobre el problema de la droga&#8221; y que, al investigar, recibi\u00f3 &#8220;un aviso mafioso&#8221; representado en &#8220;una foto de su familia: tu hijo va a tal escuela, tu esposa hace esto&#8221;.<\/p>\n<p>&nbsp;<\/p>\n<p>&#8220;Cuando se quiere buscar y ascender por las redes de distribuci\u00f3n uno se encuentra con esa palabra de cinco letras: mafia&#8221;, denunci\u00f3 antes de subrayar que &#8220;as\u00ed como con la distribuci\u00f3n se mata al que es esclavo de la droga, tambi\u00e9n se mata al que quiera destruir esta esclavitud&#8221;.<\/p>\n<p>&nbsp;<\/p>\n<p>Francisco plante\u00f3 la necesidad de &#8220;realizar grandes esfuerzos e implementar amplios programas sociales orientados a la salud, al apoyo familiar y, sobre todo, a la educaci\u00f3n&#8221;, al tiempo que destac\u00f3 que la &#8220;formaci\u00f3n humana integral es la prioridad&#8221;, orientada a los &#8220;vulnerables de la sociedad, como pueden ser los ni\u00f1os y los j\u00f3venes, pero tambi\u00e9n es valioso extenderla a las familias y a los que sufren alg\u00fan tipo de marginaci\u00f3n&#8221;.<\/p>\n<p>&nbsp;<\/p>\n<p>&#8220;Si bien la prevenci\u00f3n es camino prioritario, es fundamental tambi\u00e9n trabajar por la plena y segura rehabilitaci\u00f3n de sus v\u00edctimas en la sociedad, para devolverles la alegr\u00eda y para que recobren la dignidad que un d\u00eda perdieron. Mientras esto no est\u00e9 asegurado, tambi\u00e9n desde el Estado y su legislaci\u00f3n, la recuperaci\u00f3n ser\u00e1 dif\u00edcil y las v\u00edctimas podr\u00e1n ser re-victimizadas&#8221;, concluy\u00f3.<\/p>\n","protected":false},"excerpt":{"rendered":"<p>El papa Francisco record\u00f3 que &#8220;en 30 a\u00f1os&#8221; Argentina pas\u00f3 de ser un pa\u00eds de tr\u00e1nsito de drogas a tener &#8220;consumo y un poco de producci\u00f3n&#8221;, al tiempo que pidi\u00f3 combatirla con &#8220;prevenci\u00f3n, plena y segura rehabilitaci\u00f3n de sus v\u00edctimas&#8221; e investigar el rol de &#8220;los bancos que se dedican al blanqueo del dinero sucio&#8221;, en un discurso a los participantes de un simposio sobre narcotr\u00e1fico en el Vaticano &nbsp; &nbsp; &nbsp; &nbsp; &nbsp; &nbsp; &nbsp; &#8220;La prevenci\u00f3n de la droga siempre se ve frenada por mil y un problemas&#8230;<\/p>\n","protected":false},"author":3,"featured_media":5036,"comment_status":"closed","ping_status":"closed","sticky":false,"template":"","format":"standard","meta":[],"categories":[18],"tags":[],"_links":{"self":[{"href":"https:\/\/www.actualidadadiario.com\/index.php\/wp-json\/wp\/v2\/posts\/5035"}],"collection":[{"href":"https:\/\/www.actualidadadiario.com\/index.php\/wp-json\/wp\/v2\/posts"}],"about":[{"href":"https:\/\/www.actualidadadiario.com\/index.php\/wp-json\/wp\/v2\/types\/post"}],"author":[{"embeddable":true,"href":"https:\/\/www.actualidadadiario.com\/index.php\/wp-json\/wp\/v2\/users\/3"}],"replies":[{"embeddable":true,"href":"https:\/\/www.actualidadadiario.com\/index.php\/wp-json\/wp\/v2\/comments?post=5035"}],"version-history":[{"count":1,"href":"https:\/\/www.actualidadadiario.com\/index.php\/wp-json\/wp\/v2\/posts\/5035\/revisions"}],"predecessor-version":[{"id":5037,"href":"https:\/\/www.actualidadadiario.com\/index.php\/wp-json\/wp\/v2\/posts\/5035\/revisions\/5037"}],"wp:featuredmedia":[{"embeddable":true,"href":"https:\/\/www.actualidadadiario.com\/index.php\/wp-json\/wp\/v2\/media\/5036"}],"wp:attachment":[{"href":"https:\/\/www.actualidadadiario.com\/index.php\/wp-json\/wp\/v2\/media?parent=5035"}],"wp:term":[{"taxonomy":"category","embeddable":true,"href":"https:\/\/www.actualidadadiario.com\/index.php\/wp-json\/wp\/v2\/categories?post=5035"},{"taxonomy":"post_tag","embeddable":true,"href":"https:\/\/www.actualidadadiario.com\/index.php\/wp-json\/wp\/v2\/tags?post=5035"}],"curies":[{"name":"wp","href":"https:\/\/api.w.org\/{rel}","templated":true}]}}