{"id":5026,"date":"2016-11-24T10:23:44","date_gmt":"2016-11-24T13:23:44","guid":{"rendered":"http:\/\/actualidadadiario.com\/site\/?p=5026"},"modified":"2019-05-06T20:57:36","modified_gmt":"2019-05-06T23:57:36","slug":"se-cayo-el-votoelectronico-de-macri","status":"publish","type":"post","link":"https:\/\/www.actualidadadiario.com\/index.php\/2016\/11\/24\/se-cayo-el-votoelectronico-de-macri\/","title":{"rendered":"\u00bfSe cay\u00f3 el #VotoElectr\u00f3nico de Macri?"},"content":{"rendered":"<p><em><strong>La reforma pol\u00edtica que Mauricio Macri quer\u00eda sacar sea como sea, para poder imponer el Voto Electr\u00f3nico en 2017 no tiene apoyo suficiente para superar el filtro del Senado<\/strong><\/em><\/p>\n<p>&nbsp;<\/p>\n<p>&nbsp;<\/p>\n<p>&nbsp;<\/p>\n<p>&nbsp;<\/p>\n<p>A pesar de todos los esfuerzos del senador Miguel Pichetto, en una larga reuni\u00f3n del bloque del PJ \u2013 FPV que se llev\u00f3 adelante en su despacho, la gran mayor\u00eda de los senadores le hicieron saber que no votar\u00edan el proyecto de \u201cCambiemos\u201d<\/p>\n<p>&nbsp;<\/p>\n<p>La reuni\u00f3n no habr\u00eda sido en los mejores t\u00e9rminos y dur\u00f3 m\u00e1s de tres horas en las que pese a los \u201cacercamientos\u201d que intent\u00f3 Pichetto, no pudo conseguir el apoyo para el voto electr\u00f3nico.<\/p>\n<p>&nbsp;<\/p>\n<p>La postura m\u00e1s cercana al proyecto del macrismo fue sostenida por Pichetto, Abal Medina, Dalmacio Mera y Rodolfo Urtubey, mientras que la bandera la intransigencia la llevaron los senadores Kirchneristas.<\/p>\n<p>&nbsp;<\/p>\n<p>Seg\u00fan trascendi\u00f3, en medio de la discusi\u00f3n, el senador Marcelo Fuentes propuso que cada legislador vote a mano alzada y d\u00e9 su explicaci\u00f3n de porqu\u00e9 no acompa\u00f1aba la iniciativa.<\/p>\n<p>&nbsp;<\/p>\n<p>En algunos esta propuesta caus\u00f3 una clara incomodidad y la vetaron evidenciando as\u00ed la divisi\u00f3n entre pejotistas y quienes responden al FpV.<\/p>\n<p>&nbsp;<\/p>\n<p>El macrismo necesita que el dictamen de comisi\u00f3n salga esta semana para que el proyecto pueda tratarse en el senado la siguiente y de esta manera diputados lo revisar\u00eda en una sesi\u00f3n extraordinaria el 14 de diciembre.<\/p>\n<p>&nbsp;<\/p>\n<p>Al parecer la decisi\u00f3n final se tomar\u00e1 hoy en la reuni\u00f3n que mantendr\u00e1n los referentes del PJ-FpV con un grupo de gobernadores.<\/p>\n","protected":false},"excerpt":{"rendered":"<p>La reforma pol\u00edtica que Mauricio Macri quer\u00eda sacar sea como sea, para poder imponer el Voto Electr\u00f3nico en 2017 no tiene apoyo suficiente para superar el filtro del Senado &nbsp; &nbsp; &nbsp; &nbsp; A pesar de todos los esfuerzos del senador Miguel Pichetto, en una larga reuni\u00f3n del bloque del PJ \u2013 FPV que se llev\u00f3 adelante en su despacho, la gran mayor\u00eda de los senadores le hicieron saber que no votar\u00edan el proyecto de \u201cCambiemos\u201d &nbsp; La reuni\u00f3n no habr\u00eda sido en los mejores t\u00e9rminos y dur\u00f3 m\u00e1s de&#8230;<\/p>\n","protected":false},"author":3,"featured_media":5027,"comment_status":"closed","ping_status":"closed","sticky":false,"template":"","format":"standard","meta":[],"categories":[18],"tags":[],"_links":{"self":[{"href":"https:\/\/www.actualidadadiario.com\/index.php\/wp-json\/wp\/v2\/posts\/5026"}],"collection":[{"href":"https:\/\/www.actualidadadiario.com\/index.php\/wp-json\/wp\/v2\/posts"}],"about":[{"href":"https:\/\/www.actualidadadiario.com\/index.php\/wp-json\/wp\/v2\/types\/post"}],"author":[{"embeddable":true,"href":"https:\/\/www.actualidadadiario.com\/index.php\/wp-json\/wp\/v2\/users\/3"}],"replies":[{"embeddable":true,"href":"https:\/\/www.actualidadadiario.com\/index.php\/wp-json\/wp\/v2\/comments?post=5026"}],"version-history":[{"count":1,"href":"https:\/\/www.actualidadadiario.com\/index.php\/wp-json\/wp\/v2\/posts\/5026\/revisions"}],"predecessor-version":[{"id":5028,"href":"https:\/\/www.actualidadadiario.com\/index.php\/wp-json\/wp\/v2\/posts\/5026\/revisions\/5028"}],"wp:featuredmedia":[{"embeddable":true,"href":"https:\/\/www.actualidadadiario.com\/index.php\/wp-json\/wp\/v2\/media\/5027"}],"wp:attachment":[{"href":"https:\/\/www.actualidadadiario.com\/index.php\/wp-json\/wp\/v2\/media?parent=5026"}],"wp:term":[{"taxonomy":"category","embeddable":true,"href":"https:\/\/www.actualidadadiario.com\/index.php\/wp-json\/wp\/v2\/categories?post=5026"},{"taxonomy":"post_tag","embeddable":true,"href":"https:\/\/www.actualidadadiario.com\/index.php\/wp-json\/wp\/v2\/tags?post=5026"}],"curies":[{"name":"wp","href":"https:\/\/api.w.org\/{rel}","templated":true}]}}