{"id":5015,"date":"2016-11-24T10:20:09","date_gmt":"2016-11-24T13:20:09","guid":{"rendered":"http:\/\/actualidadadiario.com\/site\/?p=5015"},"modified":"2016-11-24T10:20:09","modified_gmt":"2016-11-24T13:20:09","slug":"ganancias-patagonia-pide-ampliar-regimen-especial","status":"publish","type":"post","link":"https:\/\/www.actualidadadiario.com\/index.php\/2016\/11\/24\/ganancias-patagonia-pide-ampliar-regimen-especial\/","title":{"rendered":"Ganancias: Patagonia pide ampliar r\u00e9gimen especial"},"content":{"rendered":"<p><em><strong>Ratificaron el reclamo para que se eleven un 200% las deducciones especiales de trabajadores asalariados<\/strong><\/em><\/p>\n<p>&nbsp;<\/p>\n<p>&nbsp;<\/p>\n<p>&nbsp;<\/p>\n<p>&nbsp;<\/p>\n<p>Los vicegobernadores de R\u00edo Negro y Neuqu\u00e9n, Pedro Pesatti y Rolando Figueroa -respectivamente-, solicitaron a sus representantes en el Congreso Nacional que contemplen en el proyecto de modificaci\u00f3n del Impuesto a las Ganancias beneficios adicionales para los patag\u00f3nicos en funci\u00f3n del mayor costo de vida en las provincias de la regi\u00f3n.<\/p>\n<p>&nbsp;<\/p>\n<p>El mensaje fue tanto en relaci\u00f3n con el proyecto oficialista de Cambiemos, anunciado por el ministro del Interior, Rogelio Frigerio, como para el alternativo que propone el l\u00edder del Frente Renovador, el diputado Sergio Massa.<\/p>\n<p>&nbsp;<\/p>\n<p>El rionegrino Pesatti pidi\u00f3 que se incremente un 200% la deducci\u00f3n especial de la cuarta categor\u00eda para la Patagonia. &#8220;El precio de los productos y servicios que consumen los asalariados es mucho mayor que en otras provincias por los altos costos que conlleva vivir en la regi\u00f3n, no s\u00f3lo por las condiciones clim\u00e1ticas, sino tambi\u00e9n porque el valor de los fletes se incrementa e impacta en toda la cadena de consumo&#8221;, dijo Pesatti.<\/p>\n<p>&nbsp;<\/p>\n<p>En la misma l\u00ednea, el neuquino Figueroa reiter\u00f3 el reclamo por aumentar las &#8220;deducciones de familia en un 200% y elevar todos los m\u00ednimos de gravabilidad&#8221;. Figueroa puntualiz\u00f3 tambi\u00e9n en el mayor costo de vida en la Patagonia respecto a la media nacional y apunt\u00f3 al doble perjuicio: &#8220;Los patag\u00f3nicos se ven m\u00e1s afectados por Ganancias, mientras que a las provincias se les retorna menos por ser un impuesto directo; es injusto por todos lados&#8221;.<\/p>\n<p>&nbsp;<\/p>\n<p>En las declaraciones de Rawson y Santa Rosa realizadas en las reuniones del Parlamento Patag\u00f3nico (que incluye a Neuqu\u00e9n, R\u00edo Negro, La Pampa, Chubut, Santa Cruz y Tierra del Fuego) ya se hab\u00eda ratificado el reclamo por aumentar el nivel de deducciones que pueden hacer los trabajadores asalariados de la regi\u00f3n.<\/p>\n<p>&nbsp;<\/p>\n<p>Las condiciones desfavorables de vivir en la Patagonia ya son reconocidos por subsidios al combustible y al gas, por ejemplo. En cuanto al Impuesto a las Ganancias, ya en 2013 los trabajadores en relaci\u00f3n de dependencia y jubilados de la regi\u00f3n hab\u00edan sido beneficiados con una suba del 30% en el m\u00ednimo no imponible. Asimismo, la Resoluci\u00f3n de AFIP 3770 tambi\u00e9n prev\u00e9 importes especiales para las deducciones personales de los empleados que trabajan en zona patag\u00f3nica.<\/p>\n<p>&nbsp;<\/p>\n<p>&#8220;Lo que por un lado se otorga bajo el concepto de zona desfavorable para el bolsillo de los patag\u00f3nicos se termina transfiriendo nuevamente al Estado Nacional a trav\u00e9s del Impuesto&#8221;, manifest\u00f3 el vicegobernador neuquino y pidi\u00f3 al Congreso que &#8220;garantice los principios constitucionales de igualdad, equidad y proporcionalidad&#8221;.<\/p>\n<p>&nbsp;<\/p>\n<p>A su vez, el diputado nacional por Chubut del Frente para la Victoria, Santiago Igon, ya hab\u00eda solicitado que se eximiera del pago de Ganancias al adicional por zona desfavorable que cobran los trabajadores patag\u00f3nicos. Igon dijo que esto tambi\u00e9n beneficiar\u00eda a personal de zonas inh\u00f3spitas de Chaco, Mendoza y San Juan.<\/p>\n","protected":false},"excerpt":{"rendered":"<p>Ratificaron el reclamo para que se eleven un 200% las deducciones especiales de trabajadores asalariados &nbsp; &nbsp; &nbsp; &nbsp; Los vicegobernadores de R\u00edo Negro y Neuqu\u00e9n, Pedro Pesatti y Rolando Figueroa -respectivamente-, solicitaron a sus representantes en el Congreso Nacional que contemplen en el proyecto de modificaci\u00f3n del Impuesto a las Ganancias beneficios adicionales para los patag\u00f3nicos en funci\u00f3n del mayor costo de vida en las provincias de la regi\u00f3n. &nbsp; El mensaje fue tanto en relaci\u00f3n con el proyecto oficialista de Cambiemos, anunciado por el ministro del Interior, Rogelio&#8230;<\/p>\n","protected":false},"author":3,"featured_media":5016,"comment_status":"closed","ping_status":"closed","sticky":false,"template":"","format":"standard","meta":[],"categories":[2],"tags":[],"_links":{"self":[{"href":"https:\/\/www.actualidadadiario.com\/index.php\/wp-json\/wp\/v2\/posts\/5015"}],"collection":[{"href":"https:\/\/www.actualidadadiario.com\/index.php\/wp-json\/wp\/v2\/posts"}],"about":[{"href":"https:\/\/www.actualidadadiario.com\/index.php\/wp-json\/wp\/v2\/types\/post"}],"author":[{"embeddable":true,"href":"https:\/\/www.actualidadadiario.com\/index.php\/wp-json\/wp\/v2\/users\/3"}],"replies":[{"embeddable":true,"href":"https:\/\/www.actualidadadiario.com\/index.php\/wp-json\/wp\/v2\/comments?post=5015"}],"version-history":[{"count":1,"href":"https:\/\/www.actualidadadiario.com\/index.php\/wp-json\/wp\/v2\/posts\/5015\/revisions"}],"predecessor-version":[{"id":5017,"href":"https:\/\/www.actualidadadiario.com\/index.php\/wp-json\/wp\/v2\/posts\/5015\/revisions\/5017"}],"wp:featuredmedia":[{"embeddable":true,"href":"https:\/\/www.actualidadadiario.com\/index.php\/wp-json\/wp\/v2\/media\/5016"}],"wp:attachment":[{"href":"https:\/\/www.actualidadadiario.com\/index.php\/wp-json\/wp\/v2\/media?parent=5015"}],"wp:term":[{"taxonomy":"category","embeddable":true,"href":"https:\/\/www.actualidadadiario.com\/index.php\/wp-json\/wp\/v2\/categories?post=5015"},{"taxonomy":"post_tag","embeddable":true,"href":"https:\/\/www.actualidadadiario.com\/index.php\/wp-json\/wp\/v2\/tags?post=5015"}],"curies":[{"name":"wp","href":"https:\/\/api.w.org\/{rel}","templated":true}]}}