{"id":5006,"date":"2016-11-24T10:17:22","date_gmt":"2016-11-24T13:17:22","guid":{"rendered":"http:\/\/actualidadadiario.com\/site\/?p=5006"},"modified":"2016-11-24T10:17:22","modified_gmt":"2016-11-24T13:17:22","slug":"delbonis-abrira-la-serie-final-de-la-davis-enfrentando-a-cilic","status":"publish","type":"post","link":"https:\/\/www.actualidadadiario.com\/index.php\/2016\/11\/24\/delbonis-abrira-la-serie-final-de-la-davis-enfrentando-a-cilic\/","title":{"rendered":"Delbonis abrir\u00e1 la serie final de la Davis enfrentando a Cilic"},"content":{"rendered":"<p><em><strong>Se sorte\u00f3 el orden de los partidos de la serie final de Copa Davis que se jugar\u00e1 en el Arena Zagreb desde este viernes y Federico Delbonis, segundo singlista argentino, ser\u00e1 qui\u00e9n abra la acci\u00f3n frente al segundo singlista croata, Marin Cilic<\/strong><\/em><\/p>\n<p>&nbsp;<\/p>\n<p>&nbsp;<\/p>\n<p>&nbsp;<\/p>\n<p>&nbsp;<\/p>\n<p>Federico Delbonis ser\u00e1 el encargado de abrir la serie frente a Cilic a partir de las 10 de la ma\u00f1ana hora de Buenos Aires. Por su parte Juan Mart\u00edn Del Potro ir\u00e1 en segundo turno frente a Ivo Karlovic, la segunda raqueta croata.<\/p>\n<p>&nbsp;<\/p>\n<p>Los jugadores que quedan disponibles en el conjunto nacional son Guido Pella y Leo Mayer. En Croacia, Borna Coric qued\u00f3 al margen del equipo y por lo que Karlovic ser\u00e1 el rival de Del Potro. El equipo europeo qued\u00f3 conformado adem\u00e1s por Ivan Dodig y Franko Skugor.<\/p>\n<p>&nbsp;<\/p>\n<p>La serie continuar\u00e1 el s\u00e1bado con el doble, desde las 11 de nuestro pa\u00eds, y seguir\u00e1 el domingo con los dos \u00faltimos singles a partir de las 10. Los partidos ser\u00e1n televisados por Canal 7 y TyC Sports.<\/p>\n","protected":false},"excerpt":{"rendered":"<p>Se sorte\u00f3 el orden de los partidos de la serie final de Copa Davis que se jugar\u00e1 en el Arena Zagreb desde este viernes y Federico Delbonis, segundo singlista argentino, ser\u00e1 qui\u00e9n abra la acci\u00f3n frente al segundo singlista croata, Marin Cilic &nbsp; &nbsp; &nbsp; &nbsp; Federico Delbonis ser\u00e1 el encargado de abrir la serie frente a Cilic a partir de las 10 de la ma\u00f1ana hora de Buenos Aires. Por su parte Juan Mart\u00edn Del Potro ir\u00e1 en segundo turno frente a Ivo Karlovic, la segunda raqueta croata. &nbsp;&#8230;<\/p>\n","protected":false},"author":3,"featured_media":5007,"comment_status":"closed","ping_status":"closed","sticky":false,"template":"","format":"standard","meta":[],"categories":[4],"tags":[],"_links":{"self":[{"href":"https:\/\/www.actualidadadiario.com\/index.php\/wp-json\/wp\/v2\/posts\/5006"}],"collection":[{"href":"https:\/\/www.actualidadadiario.com\/index.php\/wp-json\/wp\/v2\/posts"}],"about":[{"href":"https:\/\/www.actualidadadiario.com\/index.php\/wp-json\/wp\/v2\/types\/post"}],"author":[{"embeddable":true,"href":"https:\/\/www.actualidadadiario.com\/index.php\/wp-json\/wp\/v2\/users\/3"}],"replies":[{"embeddable":true,"href":"https:\/\/www.actualidadadiario.com\/index.php\/wp-json\/wp\/v2\/comments?post=5006"}],"version-history":[{"count":1,"href":"https:\/\/www.actualidadadiario.com\/index.php\/wp-json\/wp\/v2\/posts\/5006\/revisions"}],"predecessor-version":[{"id":5008,"href":"https:\/\/www.actualidadadiario.com\/index.php\/wp-json\/wp\/v2\/posts\/5006\/revisions\/5008"}],"wp:featuredmedia":[{"embeddable":true,"href":"https:\/\/www.actualidadadiario.com\/index.php\/wp-json\/wp\/v2\/media\/5007"}],"wp:attachment":[{"href":"https:\/\/www.actualidadadiario.com\/index.php\/wp-json\/wp\/v2\/media?parent=5006"}],"wp:term":[{"taxonomy":"category","embeddable":true,"href":"https:\/\/www.actualidadadiario.com\/index.php\/wp-json\/wp\/v2\/categories?post=5006"},{"taxonomy":"post_tag","embeddable":true,"href":"https:\/\/www.actualidadadiario.com\/index.php\/wp-json\/wp\/v2\/tags?post=5006"}],"curies":[{"name":"wp","href":"https:\/\/api.w.org\/{rel}","templated":true}]}}