{"id":5003,"date":"2016-11-24T10:16:24","date_gmt":"2016-11-24T13:16:24","guid":{"rendered":"http:\/\/actualidadadiario.com\/site\/?p=5003"},"modified":"2016-11-24T10:16:24","modified_gmt":"2016-11-24T13:16:24","slug":"el-gobierno-convoco-a-sesiones-extraordinarias-para-presupuesto-y-ganancias","status":"publish","type":"post","link":"https:\/\/www.actualidadadiario.com\/index.php\/2016\/11\/24\/el-gobierno-convoco-a-sesiones-extraordinarias-para-presupuesto-y-ganancias\/","title":{"rendered":"El Gobierno convoc\u00f3 a sesiones extraordinarias para Presupuesto y Ganancias"},"content":{"rendered":"<p><strong>El Ejecutivo intentar\u00e1 pasar los proyectos entre el 1 y el 30 de diciembre.\u00a0 El 6 de diciembre se tratar\u00e1n en el recinto la Ley de Emergencia Social y Ganancias<\/strong><\/p>\n<p>&nbsp;<\/p>\n<p>&nbsp;<\/p>\n<p>&nbsp;<\/p>\n<p>El Gobierno convoc\u00f3 a sesiones extraordinarias en el Congreso entre el 1 y el 30 de diciembre. Quiere tratar la modificaci\u00f3n del Impuesto a las Ganancias, el Presupuesto 2017 y dos proyectos de ley.<\/p>\n<p>&nbsp;<\/p>\n<p>Presidencia inform\u00f3 en un comunicado que pondr\u00e1 a consideraci\u00f3n Ganancias, el Presupuesto de la Administraci\u00f3n Nacional para 2017 y los proyectos de Emergencia Social y de reforma electoral, entre otros temas de prioridad.<\/p>\n<p>&nbsp;<\/p>\n<p>Tambi\u00e9n discutir\u00e1n las C\u00e1maras cuestiones relativas a la seguridad, entre ellas la Extinci\u00f3n de Dominio y Repatriaci\u00f3n de Bienes, provenientes de actividades il\u00edcitas, y de Protecci\u00f3n a V\u00edctimas de Delitos. Otra de las iniciativas a tratar ser\u00e1 el R\u00e9gimen de Publicidad Oficial.<\/p>\n<p>&nbsp;<\/p>\n<p>Ayer, durante una reuni\u00f3n sorpresiva del ministro de Econom\u00eda, Alfonso Prat Gay; y del Interior, Rogelio Frigerio, se acord\u00f3 con la oposici\u00f3n suspender la sesi\u00f3n especial de hoy para tratar los cambios en Ganancias y pasarla al martes 6 de diciembre.<\/p>\n<p>&nbsp;<\/p>\n<p>Ese d\u00eda tambi\u00e9n se tratar\u00e1 en el recinto otra norma muy reclamada por los sectores sociales, los sindicalistas y la iglesia: que es declarar la emergencia social por tres a\u00f1os.<\/p>\n","protected":false},"excerpt":{"rendered":"<p>El Ejecutivo intentar\u00e1 pasar los proyectos entre el 1 y el 30 de diciembre.\u00a0 El 6 de diciembre se tratar\u00e1n en el recinto la Ley de Emergencia Social y Ganancias &nbsp; &nbsp; &nbsp; El Gobierno convoc\u00f3 a sesiones extraordinarias en el Congreso entre el 1 y el 30 de diciembre. Quiere tratar la modificaci\u00f3n del Impuesto a las Ganancias, el Presupuesto 2017 y dos proyectos de ley. &nbsp; Presidencia inform\u00f3 en un comunicado que pondr\u00e1 a consideraci\u00f3n Ganancias, el Presupuesto de la Administraci\u00f3n Nacional para 2017 y los proyectos de&#8230;<\/p>\n","protected":false},"author":3,"featured_media":5004,"comment_status":"closed","ping_status":"closed","sticky":false,"template":"","format":"standard","meta":[],"categories":[2],"tags":[],"_links":{"self":[{"href":"https:\/\/www.actualidadadiario.com\/index.php\/wp-json\/wp\/v2\/posts\/5003"}],"collection":[{"href":"https:\/\/www.actualidadadiario.com\/index.php\/wp-json\/wp\/v2\/posts"}],"about":[{"href":"https:\/\/www.actualidadadiario.com\/index.php\/wp-json\/wp\/v2\/types\/post"}],"author":[{"embeddable":true,"href":"https:\/\/www.actualidadadiario.com\/index.php\/wp-json\/wp\/v2\/users\/3"}],"replies":[{"embeddable":true,"href":"https:\/\/www.actualidadadiario.com\/index.php\/wp-json\/wp\/v2\/comments?post=5003"}],"version-history":[{"count":1,"href":"https:\/\/www.actualidadadiario.com\/index.php\/wp-json\/wp\/v2\/posts\/5003\/revisions"}],"predecessor-version":[{"id":5005,"href":"https:\/\/www.actualidadadiario.com\/index.php\/wp-json\/wp\/v2\/posts\/5003\/revisions\/5005"}],"wp:featuredmedia":[{"embeddable":true,"href":"https:\/\/www.actualidadadiario.com\/index.php\/wp-json\/wp\/v2\/media\/5004"}],"wp:attachment":[{"href":"https:\/\/www.actualidadadiario.com\/index.php\/wp-json\/wp\/v2\/media?parent=5003"}],"wp:term":[{"taxonomy":"category","embeddable":true,"href":"https:\/\/www.actualidadadiario.com\/index.php\/wp-json\/wp\/v2\/categories?post=5003"},{"taxonomy":"post_tag","embeddable":true,"href":"https:\/\/www.actualidadadiario.com\/index.php\/wp-json\/wp\/v2\/tags?post=5003"}],"curies":[{"name":"wp","href":"https:\/\/api.w.org\/{rel}","templated":true}]}}