{"id":4997,"date":"2016-11-24T10:14:49","date_gmt":"2016-11-24T13:14:49","guid":{"rendered":"http:\/\/actualidadadiario.com\/site\/?p=4997"},"modified":"2016-11-24T10:41:08","modified_gmt":"2016-11-24T13:41:08","slug":"cristina-kirchner-lanza-la-agrupacion-cfk","status":"publish","type":"post","link":"https:\/\/www.actualidadadiario.com\/index.php\/2016\/11\/24\/cristina-kirchner-lanza-la-agrupacion-cfk\/","title":{"rendered":"Cristina Kirchner lanza la agrupaci\u00f3n &#8220;CFK&#8221;"},"content":{"rendered":"<p><em><strong>En un acto que se realizar\u00e1 en Ferro, en diciembre, la ex Presidenta reunir\u00e1 a 2 mil dirigentes pol\u00edticos y sindicales afines<\/strong><\/em><\/p>\n<p>&nbsp;<\/p>\n<p>&nbsp;<\/p>\n<p>&nbsp;<\/p>\n<p>&nbsp;<\/p>\n<p>A trav\u00e9s de una cumbre que servir\u00e1 de plataforma para el lanzamiento una nueva corriente pol\u00edtica leal a su conducci\u00f3n, la &#8220;CFK&#8221;, la ex presidenta Cristina Kirchner buscar\u00e1 marcar la cancha en la antesala de las elecciones legislativas del a\u00f1o que viene.<\/p>\n<p>&nbsp;<\/p>\n<p>La cita, con la que el kirchnerismo empezar\u00e1 a calentar motores para la carrera electoral, ser\u00e1 el pr\u00f3ximo mi\u00e9rcoles 7 de diciembre a las 17.00 en el microestadio de Ferro, donde Cristina Kirchner ser\u00e1 la \u00fanica oradora en el cierre de un plenario que se realizar\u00e1 a puertas cerradas, con la participaci\u00f3n de unos 2 mil dirigentes pol\u00edticos y sindicales afines, que conformar\u00e1n la Convocatoria Federal Kirchnerista (CFK).<\/p>\n<p>&nbsp;<\/p>\n<p>Estar\u00e1n en el plenario las organizaciones del n\u00facleo duro del kirchnerismo, como La C\u00e1mpora, Nuevo Encuentro, Kolina, Miles, Peronismo Militante, el Movimiento Nacional Alfonsinista, PCCE, Partido Solidario y la Corriente de la Militancia, entre otras.<\/p>\n<p>&nbsp;<\/p>\n<p>&#8220;Ser\u00e1 un encuentro con un grupo importante de dirigentes que est\u00e1n trabajando en el armado electoral en b\u00fasqueda de la unidad con todos los sectores&#8221;, destacaron a NA fuentes cercanas a Cristina Kirchner.<\/p>\n<p>&nbsp;<\/p>\n<p>El elenco ser\u00e1 pr\u00e1cticamente el mismo que el que nutri\u00f3 al ya extinto colectivo de coordinaci\u00f3n militante &#8220;Unidos y Organizados&#8221;, con algunas fugas importantes como la del Movimiento Evita, pero tambi\u00e9n con incorporaciones no desde\u00f1ables como la de los radicales de Leopoldo Moreau y la d\u00edscola corriente cegetista que lidera el bancario Sergio Palazzo.<\/p>\n<p>&nbsp;<\/p>\n<p>Habr\u00e1 muchas caras conocidas en el mundo kirchnerista como Axel Kicillof (La C\u00e1mpora), Mart\u00edn Sabbatella (Nuevo Encuentro), Carlos Heller (Partido Solidario), Gabriel Mariotto (Miles), Edgardo Depetri (Frente Transversal), Hugo Yasky (CTA), Agust\u00edn Rossi (Corriente Nacional de la Militancia), Carlos Castagneto (Kolina) y V\u00edctor Santamar\u00eda (CGT).<\/p>\n<p>&nbsp;<\/p>\n<p>Tambi\u00e9n el kirchnerismo mostrar\u00e1 a sus alfiles territoriales, como los intendentes Jorge Ferraresi (Avellaneda), Jorge Capitanich (Resistencia), Mario Secco (Ensenada) y Patricio Mussi (Berazategui), aunque adem\u00e1s participar\u00e1 el ex gobernador bonaerense Daniel Scioli.<\/p>\n<p>&nbsp;<\/p>\n<p>El embri\u00f3n de este flamante espacio se gest\u00f3 en las tertulias secretas que los l\u00edderes de cada una de las &#8220;ordas K&#8221; realizaban de manera quincenal en la quinta Los Gurises de Ituzaing\u00f3, donde evaluaron que el kirchnerismo ten\u00eda que reorganizarse para no perder peso en la disputa pol\u00edtica, principalmente en la provincia de Buenos Aires, escenario donde se librar\u00e1 la &#8220;madre de todas las batallas&#8221;.<\/p>\n<p>&nbsp;<\/p>\n<p>Por eso, todos los actos que el kirchnerismo y otros espacios del peronismo realicen hasta mediados del 2017 deber\u00e1n leerse en clave de demostraci\u00f3n de fuerza. Si bien todas las posibilidades est\u00e1n abiertas, la idea que hoy talla m\u00e1s fuerte al interior del kirchnerismo es confluir en un frente de unidad con el peronismo tradicional, o al menos con los sectores que no son refractarios al liderazgo de Cristina.<\/p>\n<p>&nbsp;<\/p>\n<p>Si este curso de acci\u00f3n es el que finalmente prospera, habr\u00e1 una fragorosa puja interna por ver qui\u00e9n se impone en el uso de la lapicera, que en los \u00faltimos a\u00f1os monopoliz\u00f3 la exjefa de Estado, pero que en el llano ya no podr\u00eda ejercer.<\/p>\n","protected":false},"excerpt":{"rendered":"<p>En un acto que se realizar\u00e1 en Ferro, en diciembre, la ex Presidenta reunir\u00e1 a 2 mil dirigentes pol\u00edticos y sindicales afines &nbsp; &nbsp; &nbsp; &nbsp; A trav\u00e9s de una cumbre que servir\u00e1 de plataforma para el lanzamiento una nueva corriente pol\u00edtica leal a su conducci\u00f3n, la &#8220;CFK&#8221;, la ex presidenta Cristina Kirchner buscar\u00e1 marcar la cancha en la antesala de las elecciones legislativas del a\u00f1o que viene. &nbsp; La cita, con la que el kirchnerismo empezar\u00e1 a calentar motores para la carrera electoral, ser\u00e1 el pr\u00f3ximo mi\u00e9rcoles 7 de&#8230;<\/p>\n","protected":false},"author":3,"featured_media":4998,"comment_status":"closed","ping_status":"closed","sticky":false,"template":"","format":"standard","meta":[],"categories":[9],"tags":[],"_links":{"self":[{"href":"https:\/\/www.actualidadadiario.com\/index.php\/wp-json\/wp\/v2\/posts\/4997"}],"collection":[{"href":"https:\/\/www.actualidadadiario.com\/index.php\/wp-json\/wp\/v2\/posts"}],"about":[{"href":"https:\/\/www.actualidadadiario.com\/index.php\/wp-json\/wp\/v2\/types\/post"}],"author":[{"embeddable":true,"href":"https:\/\/www.actualidadadiario.com\/index.php\/wp-json\/wp\/v2\/users\/3"}],"replies":[{"embeddable":true,"href":"https:\/\/www.actualidadadiario.com\/index.php\/wp-json\/wp\/v2\/comments?post=4997"}],"version-history":[{"count":1,"href":"https:\/\/www.actualidadadiario.com\/index.php\/wp-json\/wp\/v2\/posts\/4997\/revisions"}],"predecessor-version":[{"id":4999,"href":"https:\/\/www.actualidadadiario.com\/index.php\/wp-json\/wp\/v2\/posts\/4997\/revisions\/4999"}],"wp:featuredmedia":[{"embeddable":true,"href":"https:\/\/www.actualidadadiario.com\/index.php\/wp-json\/wp\/v2\/media\/4998"}],"wp:attachment":[{"href":"https:\/\/www.actualidadadiario.com\/index.php\/wp-json\/wp\/v2\/media?parent=4997"}],"wp:term":[{"taxonomy":"category","embeddable":true,"href":"https:\/\/www.actualidadadiario.com\/index.php\/wp-json\/wp\/v2\/categories?post=4997"},{"taxonomy":"post_tag","embeddable":true,"href":"https:\/\/www.actualidadadiario.com\/index.php\/wp-json\/wp\/v2\/tags?post=4997"}],"curies":[{"name":"wp","href":"https:\/\/api.w.org\/{rel}","templated":true}]}}