{"id":4994,"date":"2016-11-24T10:14:00","date_gmt":"2016-11-24T13:14:00","guid":{"rendered":"http:\/\/actualidadadiario.com\/site\/?p=4994"},"modified":"2016-11-24T10:14:00","modified_gmt":"2016-11-24T13:14:00","slug":"gobierno-y-organizaciones-sociales-acordaron-declarar-la-emergencia-social-por-tres-anos","status":"publish","type":"post","link":"https:\/\/www.actualidadadiario.com\/index.php\/2016\/11\/24\/gobierno-y-organizaciones-sociales-acordaron-declarar-la-emergencia-social-por-tres-anos\/","title":{"rendered":"Gobierno y organizaciones sociales acordaron declarar la emergencia social por tres a\u00f1os"},"content":{"rendered":"<p><em><strong>El acuerdo fue ratificado por Triaca, Stanley y Massot. Jefes de los distintos bloques de Diputados anunciar\u00e1n el env\u00edo de un nuevo proyecto de ley<\/strong><\/em><\/p>\n<p>&nbsp;<\/p>\n<p>&nbsp;<\/p>\n<p>&nbsp;<\/p>\n<p>&nbsp;<\/p>\n<p>Tras reunirse las organizaciones sociales con funcionarios del gobierno nacional, se lleg\u00f3 hoy a un acuerdo de conjunto para declarar la Emergencia Social por el transcurso de tres a\u00f1os.<\/p>\n<p>&nbsp;<\/p>\n<p>Entre los principales puntos del acuerdo se destaca la creaci\u00f3n el Registro Nacional de la Econom\u00eda Popular, la creaci\u00f3n el Consejo del Salario Social, la unificaci\u00f3n de programas como el &#8220;Argentina Trabaja&#8221; y el &#8220;Ellas Hacen&#8221;, y la creaci\u00f3n del salario social complementario.<\/p>\n<p>&nbsp;<\/p>\n<p>A esto se lleg\u00f3 luego de una reuni\u00f3n entre las organizaciones sociales, el presidente del bloque de Cambiemos en Diputados, Nicol\u00e1s Massot, y los ministros de Trabajo, Jorge Triaca, y de Desarrollo Social, Carolina Stanley.<\/p>\n<p>&nbsp;<\/p>\n<p>Los diputados Sergio Massa, Leonardo Grosso, Lucila De Ponti, Mariano Recalde, Axel Kicillof, Graciela Cama\u00f1o, Oscar Romero, Victoria Donda y Diego Bossio. Por parte del Gobierno estuvieron los ministros de Hacienda, Alfonso Prat Gay, de Interior, Rogelio Frigerio, y el presidente de la C\u00e1mara Baja, Emilio Monz\u00f3. Esto significa el amplio consenso que adquiri\u00f3 el acuerdo.<\/p>\n<p>&nbsp;<\/p>\n<p>En consecuencia, el Gobierno convoc\u00f3 a Sesiones Extraordinarias en el Congreso para tratar, entre el 1 y el 30 de diciembre, la modificaci\u00f3n del Impuesto a las Ganancias, el Presupuesto de la Administraci\u00f3n Nacional para 2017 y los proyectos de Emergencia Social y de reforma electoral.<\/p>\n<p>&nbsp;<\/p>\n<p>El nuevo proyecto prev\u00e9 la creaci\u00f3n del Consejo Nacional del Salario que tendr\u00e1 a cargo del otorgamiento del salario complementario social, que es el principal punto del reclamo de las organizaciones sociales, para lo cual se destinar\u00e1 una partida de 30 mil millones de pesos durante los tres a\u00f1os que regir\u00e1 la emergencia social.<\/p>\n<p>&nbsp;<\/p>\n<p>Con esos fondos se aspira a que se abone el salario complementario para trabajadores informales y cooperativistas de 4.000 pesos, aunque el proyecto a\u00fan debe ser redactado.<\/p>\n<p>&nbsp;<\/p>\n<p>Adem\u00e1s, se crear\u00e1n 210 mil nuevos puestos de trabajo en las cooperativas, lo que aumentar\u00e1 en un 70% los actuales, que son unos 300 mil.<\/p>\n<p>&nbsp;<\/p>\n<p>&#8220;Hay un nuevo proyecto consensuado para ser votado el 6 de diciembre y pueda ir al Senado y ser ratificado. Queremos que sea ley este a\u00f1o&#8221;, sostuvo la diputada Victoria Donda.<\/p>\n<p>&nbsp;<\/p>\n<p>&#8220;Venimos trabajando fuertemente en este proyecto de ley tan importante para paliar la situaci\u00f3n de los que menos tienen luego de un a\u00f1o plagado de penurias econ\u00f3micas para los sectores vulnerables de nuestra sociedad&#8221;, afirm\u00f3 el Coordinador Nacional de Barrios de Pie, Daniel Men\u00e9ndez.<\/p>\n","protected":false},"excerpt":{"rendered":"<p>El acuerdo fue ratificado por Triaca, Stanley y Massot. Jefes de los distintos bloques de Diputados anunciar\u00e1n el env\u00edo de un nuevo proyecto de ley &nbsp; &nbsp; &nbsp; &nbsp; Tras reunirse las organizaciones sociales con funcionarios del gobierno nacional, se lleg\u00f3 hoy a un acuerdo de conjunto para declarar la Emergencia Social por el transcurso de tres a\u00f1os. &nbsp; Entre los principales puntos del acuerdo se destaca la creaci\u00f3n el Registro Nacional de la Econom\u00eda Popular, la creaci\u00f3n el Consejo del Salario Social, la unificaci\u00f3n de programas como el &#8220;Argentina&#8230;<\/p>\n","protected":false},"author":3,"featured_media":4995,"comment_status":"closed","ping_status":"closed","sticky":false,"template":"","format":"standard","meta":[],"categories":[9],"tags":[],"_links":{"self":[{"href":"https:\/\/www.actualidadadiario.com\/index.php\/wp-json\/wp\/v2\/posts\/4994"}],"collection":[{"href":"https:\/\/www.actualidadadiario.com\/index.php\/wp-json\/wp\/v2\/posts"}],"about":[{"href":"https:\/\/www.actualidadadiario.com\/index.php\/wp-json\/wp\/v2\/types\/post"}],"author":[{"embeddable":true,"href":"https:\/\/www.actualidadadiario.com\/index.php\/wp-json\/wp\/v2\/users\/3"}],"replies":[{"embeddable":true,"href":"https:\/\/www.actualidadadiario.com\/index.php\/wp-json\/wp\/v2\/comments?post=4994"}],"version-history":[{"count":1,"href":"https:\/\/www.actualidadadiario.com\/index.php\/wp-json\/wp\/v2\/posts\/4994\/revisions"}],"predecessor-version":[{"id":4996,"href":"https:\/\/www.actualidadadiario.com\/index.php\/wp-json\/wp\/v2\/posts\/4994\/revisions\/4996"}],"wp:featuredmedia":[{"embeddable":true,"href":"https:\/\/www.actualidadadiario.com\/index.php\/wp-json\/wp\/v2\/media\/4995"}],"wp:attachment":[{"href":"https:\/\/www.actualidadadiario.com\/index.php\/wp-json\/wp\/v2\/media?parent=4994"}],"wp:term":[{"taxonomy":"category","embeddable":true,"href":"https:\/\/www.actualidadadiario.com\/index.php\/wp-json\/wp\/v2\/categories?post=4994"},{"taxonomy":"post_tag","embeddable":true,"href":"https:\/\/www.actualidadadiario.com\/index.php\/wp-json\/wp\/v2\/tags?post=4994"}],"curies":[{"name":"wp","href":"https:\/\/api.w.org\/{rel}","templated":true}]}}