{"id":4991,"date":"2016-11-23T09:49:22","date_gmt":"2016-11-23T12:49:22","guid":{"rendered":"http:\/\/actualidadadiario.com\/site\/?p=4991"},"modified":"2016-11-23T09:49:22","modified_gmt":"2016-11-23T12:49:22","slug":"la-calidad-de-vida-mejoro-durante-el-gobierno-de-rousseff-segun-estudio","status":"publish","type":"post","link":"https:\/\/www.actualidadadiario.com\/index.php\/2016\/11\/23\/la-calidad-de-vida-mejoro-durante-el-gobierno-de-rousseff-segun-estudio\/","title":{"rendered":"La calidad de vida mejor\u00f3 durante el gobierno de Rousseff, seg\u00fan estudio"},"content":{"rendered":"<p><em><strong>Los indicadores sociales mejoraron en los primeros cuatro a\u00f1os de la destituida presidenta, aunque a un ritmo menor que en la gesti\u00f3n de Lula, revel\u00f3 un trabajo del PNUD<\/strong><\/em><\/p>\n<p>&nbsp;<\/p>\n<p>&nbsp;<\/p>\n<p>&nbsp;<\/p>\n<p>&nbsp;<\/p>\n<p>Los indicadores de la calidad de vida de los brasile\u00f1os mejoraron durante los primeros cuatro a\u00f1os de gobierno de la destituida presidenta Dilma Rousseff, aunque a un ritmo menor que en la gesti\u00f3n de su antecesor, Luiz In\u00e1cio Lula da SIlva (2003-2010), revel\u00f3 un estudio coordinado por el Programa de las Naciones Unidas para el Desarrollo (PNUD).<\/p>\n<p>&nbsp;<\/p>\n<p>El radar IDHM es un estudio que agrupa a 60 indicadores sociales que realiza el PNUD, la Fundaci\u00f3n Joao Pinheiro y el gubernamental Instituto de Pesquisa Econ\u00f3mica Aplicada (IPEA), en base a datos oficiales.<\/p>\n<p>&nbsp;<\/p>\n<p>Seg\u00fan las conclusiones del estudio, entre 2011 y 2014, el primer gobierno de Rousseff, el \u00edndice de desarrollo humano en Brasil creci\u00f3 a una tasa del 1% por a\u00f1o, contra el 1,7% que se hab\u00eda registrado en el promedio de los a\u00f1os de Lula.<\/p>\n<p>&nbsp;<\/p>\n<p>El informe re\u00fane el \u00edndice de calidad de vida en las ciudades, el avance o retroceso de la renta, la longevidad y el acceso y calidad de educaci\u00f3n y fue realizado en el per\u00edodo considerado pre-crisis, es decir, antes de 2015, cuando el pa\u00eds ingres\u00f3 en recesi\u00f3n y en una crisis pol\u00edtica y econ\u00f3mica que perdur\u00f3 tras la reelecci\u00f3n de Rousseff.<\/p>\n<p>&nbsp;<\/p>\n<p>En base a los datos del Instituto Brasile\u00f1o de Geograf\u00eda y Estad\u00edstica (IBGE, oficial), durante el primer gobierno de Rousefff -reelecta y destituida en juicio pol\u00edtico el 31 de agosto pasado- la renta per capita del brasile\u00f1o aument\u00f3 4,8% en el per\u00edodo, contra el 3% que se hab\u00eda registrado en los a\u00f1os de Lula.<\/p>\n","protected":false},"excerpt":{"rendered":"<p>Los indicadores sociales mejoraron en los primeros cuatro a\u00f1os de la destituida presidenta, aunque a un ritmo menor que en la gesti\u00f3n de Lula, revel\u00f3 un trabajo del PNUD &nbsp; &nbsp; &nbsp; &nbsp; Los indicadores de la calidad de vida de los brasile\u00f1os mejoraron durante los primeros cuatro a\u00f1os de gobierno de la destituida presidenta Dilma Rousseff, aunque a un ritmo menor que en la gesti\u00f3n de su antecesor, Luiz In\u00e1cio Lula da SIlva (2003-2010), revel\u00f3 un estudio coordinado por el Programa de las Naciones Unidas para el Desarrollo (PNUD)&#8230;.<\/p>\n","protected":false},"author":3,"featured_media":4992,"comment_status":"closed","ping_status":"closed","sticky":false,"template":"","format":"standard","meta":[],"categories":[4],"tags":[],"_links":{"self":[{"href":"https:\/\/www.actualidadadiario.com\/index.php\/wp-json\/wp\/v2\/posts\/4991"}],"collection":[{"href":"https:\/\/www.actualidadadiario.com\/index.php\/wp-json\/wp\/v2\/posts"}],"about":[{"href":"https:\/\/www.actualidadadiario.com\/index.php\/wp-json\/wp\/v2\/types\/post"}],"author":[{"embeddable":true,"href":"https:\/\/www.actualidadadiario.com\/index.php\/wp-json\/wp\/v2\/users\/3"}],"replies":[{"embeddable":true,"href":"https:\/\/www.actualidadadiario.com\/index.php\/wp-json\/wp\/v2\/comments?post=4991"}],"version-history":[{"count":1,"href":"https:\/\/www.actualidadadiario.com\/index.php\/wp-json\/wp\/v2\/posts\/4991\/revisions"}],"predecessor-version":[{"id":4993,"href":"https:\/\/www.actualidadadiario.com\/index.php\/wp-json\/wp\/v2\/posts\/4991\/revisions\/4993"}],"wp:featuredmedia":[{"embeddable":true,"href":"https:\/\/www.actualidadadiario.com\/index.php\/wp-json\/wp\/v2\/media\/4992"}],"wp:attachment":[{"href":"https:\/\/www.actualidadadiario.com\/index.php\/wp-json\/wp\/v2\/media?parent=4991"}],"wp:term":[{"taxonomy":"category","embeddable":true,"href":"https:\/\/www.actualidadadiario.com\/index.php\/wp-json\/wp\/v2\/categories?post=4991"},{"taxonomy":"post_tag","embeddable":true,"href":"https:\/\/www.actualidadadiario.com\/index.php\/wp-json\/wp\/v2\/tags?post=4991"}],"curies":[{"name":"wp","href":"https:\/\/api.w.org\/{rel}","templated":true}]}}