{"id":4989,"date":"2016-11-23T09:41:43","date_gmt":"2016-11-23T12:41:43","guid":{"rendered":"http:\/\/actualidadadiario.com\/site\/?p=4989"},"modified":"2016-11-23T09:41:43","modified_gmt":"2016-11-23T12:41:43","slug":"diputados-aprobaron-por-unanimidad-el-proyecto-de-presupuesto-provincial","status":"publish","type":"post","link":"https:\/\/www.actualidadadiario.com\/index.php\/2016\/11\/23\/diputados-aprobaron-por-unanimidad-el-proyecto-de-presupuesto-provincial\/","title":{"rendered":"Diputados aprobaron por unanimidad el proyecto de presupuesto provincial"},"content":{"rendered":"<p><em><strong>El proyecto de presupuesto 2017 tuvo el acompa\u00f1amiento de todos los legisladores, aunque en particular no hubo unanimidad. La oposici\u00f3n manifest\u00f3 preocupaci\u00f3n por el d\u00e9ficit fiscal y cuestion\u00f3 la delegaci\u00f3n de facultades al Poder Ejecutivo<\/strong><\/em><\/p>\n<p>&nbsp;<\/p>\n<p>&nbsp;<\/p>\n<p>&nbsp;<\/p>\n<p>&nbsp;<\/p>\n<p>&nbsp;<\/p>\n<p>A las 23 de este martes obtuvo aprobaci\u00f3n de la C\u00e1mara de Diputados el proyecto de presupuesto, tras el dictamen que se hab\u00eda firmado en comisi\u00f3n durante la ma\u00f1ana.<\/p>\n<p>&nbsp;<\/p>\n<p>El presidente de la Comisi\u00f3n de Presupuesto, Marcelo Bisogni, fue el encargado de fundamentar la iniciativa del Ejecutivo. Tras destacar la presentaci\u00f3n del proyecto &#8220;en tiempo y forma&#8221;, resalt\u00f3 el trabajo realizado en la comisi\u00f3n que preside, en la que expusieron funcionarios del Gobierno.<\/p>\n<p>&nbsp;<\/p>\n<p>Inmediatamente realiz\u00f3 una lectura de las principales cifras que contiene la iniciativa que tuvo luz verde este martes por la noche y que ronda los 79 mil millones de pesos.<\/p>\n<p>&nbsp;<\/p>\n<p>El diputado Mart\u00edn Anguiano (Cambiemos) fue quien expuso la postura del bloque Cambiemos. &#8220;Somos una oposici\u00f3n constructiva y responsable y tenemos muy presente la comprometida situaci\u00f3n financiera por la que atraviesa la provincia&#8221;, dijo.<\/p>\n<p>&nbsp;<\/p>\n<p>Luego resalt\u00f3 que el oficialismo haya tenido en cuenta algunas de las modificaciones propuestas por el bloque opositor y adelant\u00f3 el acompa\u00f1amiento en general que m\u00e1s tarde finalmente dar\u00eda Cambiemos.<\/p>\n<p>&nbsp;<\/p>\n<p>Ricardo Troncoso, desde su bloque unipersonal &#8220;Recuperaci\u00f3n Radical&#8221;, tambi\u00e9n expres\u00f3 su acompa\u00f1amiento al proyecto de presupuesto para &#8220;no poner palos en la rueda&#8221;.<\/p>\n<p>&nbsp;<\/p>\n<p>Se mostr\u00f3 preocupado por el d\u00e9ficit de la provincia e inst\u00f3 a sus pares a &#8220;pensar en una provincia previsible a largo plazo&#8221; e inst\u00f3 a &#8220;tomar medidas para disminuir el d\u00e9ficit, aunque esto tenga un costo pol\u00edtico&#8221;. En tal sentido, mencion\u00f3 la cantidad de dinero que se gasta pagando suplencias en el sector docente: &#8220;Se pagan tres sueldos por cada docente&#8221;, sostuvo.<\/p>\n<p>&nbsp;<\/p>\n<p>Luego tom\u00f3 la palabra Alejandra Viola (Cambiemos), quien hizo cuestionamientos de car\u00e1cter m\u00e1s t\u00e9cnico al proyecto.<\/p>\n<p>&nbsp;<\/p>\n<p>Dijo que la Provincia debe cumplir con el compromiso asumido ante el Gobierno nacional y reducir el d\u00e9ficit recurrente, avanzar en la transparencia de las cuentas p\u00fablicas y avanzar en la moderaci\u00f3n del gasto.<\/p>\n<p>&nbsp;<\/p>\n<p>Tras expresar su preocupaci\u00f3n por el d\u00e9ficit que proviene del rubro gasto en personal, asever\u00f3: &#8220;No podemos acompa\u00f1ar los art\u00edculos en los que se delega facultades en forma anticipada al Poder Ejecutivo&#8221; y critic\u00f3 que &#8220;la Legislatura no tenga modificaci\u00f3n en las modificaciones que se hagan&#8221;.<\/p>\n<p>&nbsp;<\/p>\n<p>Luego fue el turno del diputado Gustavo Zavallo (UNA-Frente Renovador), quien tras informar el adelantamiento de su bloque destac\u00f3: &#8220;No queremos obstaculizar la gesti\u00f3n de gobierno&#8221;.<\/p>\n<p>&nbsp;<\/p>\n<p>En su alocuci\u00f3n resalt\u00f3 la necesidad de &#8220;enderezar el rumbo para lograr el equilibrio fiscal, que es un deber del Estado&#8221;.<\/p>\n<p>&nbsp;<\/p>\n<p>Valor\u00f3 &#8220;el debate que hubo en comisi\u00f3n y el intercambio de ideas con funcionarios del Ejecutivo&#8221; y cuestion\u00f3 &#8220;la poca inversi\u00f3n presupuestada para atender la lucha contra las adicciones, s\u00f3lo 4,6 millones de pesos&#8221;.<\/p>\n<p>&nbsp;<\/p>\n<p>&#8220;No es el presupuesto ideal, pero es el posible&#8221;, se\u00f1al\u00f3 luego.<\/p>\n<p>&nbsp;<\/p>\n<p>Por su parte, Esteban Vitor (Cambiemos), hizo referencia a &#8220;lo comprometidas que est\u00e1n las cuentas p\u00fablicas&#8221;, critic\u00f3 que no se coparticipe los montos extra en concepto de mayor recaudaci\u00f3n e inst\u00f3 a poner en marcha &#8220;un plan de contenci\u00f3n del gasto&#8221;.<\/p>\n<p>&nbsp;<\/p>\n<p>Luego lament\u00f3 el escaso presupuesto destinado a las Juntas de Gobierno (donde viven el 20 por ciento de los entrerrianos): &#8220;Hay 96 millones de pesos para todas las juntas de gobierno, mientras que el nuevo Banco e Entre R\u00edos se lleva 300 millones como agente financiero&#8221;.<\/p>\n<p>&nbsp;<\/p>\n<p>En tanto, Joaqu\u00edn Lamadrid celebr\u00f3 el debate previo del proyecto de presupuesto y tambi\u00e9n expres\u00f3 su preocupaci\u00f3n por &#8220;la delicada situaci\u00f3n en la que se encuentran las cuentas p\u00fablicas de la provincia&#8221;.<\/p>\n<p>&nbsp;<\/p>\n<p>En tanto, el diputado Sergio Kneeteman (Cambiemos) dijo que &#8220;el presupuesto es una radiograf\u00eda que nos muestra la salud de la provincia y una hoja de ruta de lo planeado a mediano plazo&#8221;.<\/p>\n<p>&nbsp;<\/p>\n<p>En este sentido, sostuvo: &#8220;Vemos que es poco lo que puede hacer el gobierno teniendo en cuenta el margen que tiene para proyectar&#8221;.<\/p>\n<p>&nbsp;<\/p>\n<p>Dijo que &#8220;de cada 10 pesos que ingresan a la provincia, siete son recursos del Estado nacional&#8221; y, en este marco, consider\u00f3 que &#8220;este presupuesto necesita que le vaya bien al Gobierno nacional porque, por ejemplo, es el encargado de las principales obras p\u00fablicas que se prev\u00e9n hacer&#8221;.<\/p>\n<p>&nbsp;<\/p>\n<p>Tambi\u00e9n mencion\u00f3 que &#8220;m\u00e1s del 87 por ciento de los recursos est\u00e1 destinado a cubrir gastos de personal&#8221;.<\/p>\n<p>&nbsp;<\/p>\n<p>Daniel Koch, del Frente Renovador, luego realiz\u00f3 algunos cuestionamientos al Gobierno nacional, a lo cual desde Cambiemos y Troncoso salieron a responderle.<\/p>\n<p>&nbsp;<\/p>\n<p>Finalmente el presidente del Bloque del FpV, Juan Jos\u00e9 Bahillo, asegur\u00f3 que &#8220;Entre R\u00edos es una provincia viable&#8221;, resalt\u00f3 el desarrollo vial, en materia de infraestructura, en desarrollo gas\u00edfero y en materia de telecomunicaciones de los \u00faltimos a\u00f1os.<\/p>\n<p>&nbsp;<\/p>\n<p>Consider\u00f3 que el problema de la provincia &#8220;no es la deuda, sino el corto plazo de la deuda y las condiciones de mercado que exceden a la provincia&#8221;.<\/p>\n<p>&nbsp;<\/p>\n<p>Luego le respondi\u00f3 a la diputada Viola y marc\u00f3 las diferencias entre una modificaci\u00f3n y una ampliaci\u00f3n presupuestaria. La legisladora pidi\u00f3 el uso de la palabra y reiter\u00f3 la fundamentaci\u00f3n de su postura.<\/p>\n<p>&nbsp;<\/p>\n<p>Finalmente, cerca de las 23 y por unanimidad, la C\u00e1mara de Diputados aprob\u00f3 el proyecto de presupuesto en general.<\/p>\n","protected":false},"excerpt":{"rendered":"<p>El proyecto de presupuesto 2017 tuvo el acompa\u00f1amiento de todos los legisladores, aunque en particular no hubo unanimidad. La oposici\u00f3n manifest\u00f3 preocupaci\u00f3n por el d\u00e9ficit fiscal y cuestion\u00f3 la delegaci\u00f3n de facultades al Poder Ejecutivo &nbsp; &nbsp; &nbsp; &nbsp; &nbsp; A las 23 de este martes obtuvo aprobaci\u00f3n de la C\u00e1mara de Diputados el proyecto de presupuesto, tras el dictamen que se hab\u00eda firmado en comisi\u00f3n durante la ma\u00f1ana. &nbsp; El presidente de la Comisi\u00f3n de Presupuesto, Marcelo Bisogni, fue el encargado de fundamentar la iniciativa del Ejecutivo. Tras destacar&#8230;<\/p>\n","protected":false},"author":3,"featured_media":4896,"comment_status":"closed","ping_status":"closed","sticky":false,"template":"","format":"standard","meta":[],"categories":[9],"tags":[],"_links":{"self":[{"href":"https:\/\/www.actualidadadiario.com\/index.php\/wp-json\/wp\/v2\/posts\/4989"}],"collection":[{"href":"https:\/\/www.actualidadadiario.com\/index.php\/wp-json\/wp\/v2\/posts"}],"about":[{"href":"https:\/\/www.actualidadadiario.com\/index.php\/wp-json\/wp\/v2\/types\/post"}],"author":[{"embeddable":true,"href":"https:\/\/www.actualidadadiario.com\/index.php\/wp-json\/wp\/v2\/users\/3"}],"replies":[{"embeddable":true,"href":"https:\/\/www.actualidadadiario.com\/index.php\/wp-json\/wp\/v2\/comments?post=4989"}],"version-history":[{"count":1,"href":"https:\/\/www.actualidadadiario.com\/index.php\/wp-json\/wp\/v2\/posts\/4989\/revisions"}],"predecessor-version":[{"id":4990,"href":"https:\/\/www.actualidadadiario.com\/index.php\/wp-json\/wp\/v2\/posts\/4989\/revisions\/4990"}],"wp:featuredmedia":[{"embeddable":true,"href":"https:\/\/www.actualidadadiario.com\/index.php\/wp-json\/wp\/v2\/media\/4896"}],"wp:attachment":[{"href":"https:\/\/www.actualidadadiario.com\/index.php\/wp-json\/wp\/v2\/media?parent=4989"}],"wp:term":[{"taxonomy":"category","embeddable":true,"href":"https:\/\/www.actualidadadiario.com\/index.php\/wp-json\/wp\/v2\/categories?post=4989"},{"taxonomy":"post_tag","embeddable":true,"href":"https:\/\/www.actualidadadiario.com\/index.php\/wp-json\/wp\/v2\/tags?post=4989"}],"curies":[{"name":"wp","href":"https:\/\/api.w.org\/{rel}","templated":true}]}}