{"id":4987,"date":"2016-11-23T09:40:23","date_gmt":"2016-11-23T12:40:23","guid":{"rendered":"http:\/\/actualidadadiario.com\/site\/?p=4987"},"modified":"2016-11-23T09:40:23","modified_gmt":"2016-11-23T12:40:23","slug":"media-sancion-para-la-creacion-de-comisarias-de-la-mujer","status":"publish","type":"post","link":"https:\/\/www.actualidadadiario.com\/index.php\/2016\/11\/23\/media-sancion-para-la-creacion-de-comisarias-de-la-mujer\/","title":{"rendered":"Media sanci\u00f3n para la creaci\u00f3n de Comisar\u00edas de la Mujer"},"content":{"rendered":"<p><em><strong>Se establece &#8220;la instalaci\u00f3n de Comisar\u00edas de la Mujer y de la Familia en todos los municipios cabecera de departamento&#8221;. Ser\u00e1n un espacio de contenci\u00f3n que permitir\u00e1 la atenci\u00f3n primaria de las v\u00edctimas de violencia<\/strong><\/em><\/p>\n<p>&nbsp;<\/p>\n<p>&nbsp;<\/p>\n<p>&nbsp;<\/p>\n<p>&nbsp;<\/p>\n<p>Diputados aprob\u00f3 el proyecto que establece la creaci\u00f3n de Comisar\u00edas de la Mujer en todas las cabeceras de departamento de la provincia. Se establece que &#8220;dichas comisarias tienen como objetivo garantizar el derecho a ser escuchados en un espacio de comprensi\u00f3n y buen trato; asesorar a los denunciantes sobre los derechos; articular acciones con los organismos nacionales, provinciales y municipales y fortalecer la red comunitaria con las instituciones de salud, educaci\u00f3n y ONGs que trabajan en la problem\u00e1tica de violencias&#8221;.<\/p>\n<p>&nbsp;<\/p>\n<p>La iniciativa legislativa, de autor\u00eda de la diputada Mirian Lambert, tambi\u00e9n propone crear dentro de la Polic\u00eda Provincial, la Direcci\u00f3n de las Comisarias de la Mujer y la Familia, la cual estar\u00e1 a cargo de una mujer miembro de la Fuerza Policial que acredite formaci\u00f3n y experiencia en la tem\u00e1tica.<\/p>\n<p>&nbsp;<\/p>\n<p>&nbsp;<\/p>\n<p>&nbsp;<\/p>\n<p>&nbsp;<\/p>\n<p>&nbsp;<\/p>\n<p><strong>La iniciativa<\/strong><\/p>\n<p>&#8220;Las Comisar\u00edas de la Mujer y la Familia instaladas y a instalarse en la provincia deber\u00e1n organizar sus recursos materiales, humanos y el espacio f\u00edsico necesario de modo de &#8220;garantizar de modo apropiado la denuncia, contenci\u00f3n, tratamiento y articulaci\u00f3n de situaciones de desprotecci\u00f3n, violencia, abuso, maltrato, y otras de similar naturaleza que afecten a la mujer y a la familia&#8221;, dispone la iniciativa, y agrega que a su vez se debe &#8220;garantizar a las mujeres y a las familias sus derechos a ser o\u00eddos en un espacio de comprensi\u00f3n y buen trato&#8221;.<\/p>\n<p>&nbsp;<\/p>\n<p>&#8220;Deber\u00e1n asesorar a quienes denuncien sobre los derechos que les asisten y deber\u00e1n articular sus acciones con las \u00e1reas de cada municipio, en especial con las \u00e1reas mujer y \u00e1reas de ni\u00f1ez, adolescencia y Familia, con las instituciones sanitarias; y con las ONGs que trabajan en la problem\u00e1tica de violencia&#8221;, se a\u00f1ade en otro de los art\u00edculos.<\/p>\n<p>&nbsp;<\/p>\n<p>&#8220;El Poder Ejecutivo Provincial deber\u00e1 destinar los recursos materiales y humanos que exija la implementaci\u00f3n&#8221; de esta norma.<\/p>\n<p>&nbsp;<\/p>\n<p>Luego se agrega que &#8220;El personal policial femenino afectado a las Comisar\u00edas de la Mujer y la Familia ser\u00e1 capacitado por las \u00e1reas municipales que trabajan espec\u00edficamente en ni\u00f1ez y violencia de g\u00e9nero&#8221;.<\/p>\n<p>&nbsp;<\/p>\n<p>Otro de los art\u00edculos del proyecto prev\u00e9 la creaci\u00f3n, dentro de las fuerzas de seguridad de Entre R\u00edos, de una direcci\u00f3n espec\u00edfica que nuclee a las comisar\u00edas de la mujer y la familia a los fines de garantizar criterios unificados, capacitaci\u00f3n permanente del personal afectado a las mismas y elaborar diagn\u00f3sticos que permitan dise\u00f1ar los planes y programas de atenci\u00f3n en las unidades policiales para la debida asistencia de personas v\u00edctimas vulnerables en problem\u00e1ticas vinculadas al g\u00e9nero y controlar su efectiva aplicaci\u00f3n&#8221;.<\/p>\n<p>&nbsp;<\/p>\n<p>&#8220;Las Comisarias de la Mujer y la familia ser\u00e1n un lugar espec\u00edfico y contenedor dentro del marco institucional, que sirva para la atenci\u00f3n primaria de las personas v\u00edctimas de violencia y\/o vulneraci\u00f3n de derechos ya que las comisar\u00edas actualmente no tienen personal id\u00f3neo calificado para atender estas problem\u00e1ticas y la v\u00edctima, en lugar de ser tratada como tal, en muchas ocasiones es victimizada nuevamente&#8221;, expresa Lambert en los fundamentos.<\/p>\n","protected":false},"excerpt":{"rendered":"<p>Se establece &#8220;la instalaci\u00f3n de Comisar\u00edas de la Mujer y de la Familia en todos los municipios cabecera de departamento&#8221;. Ser\u00e1n un espacio de contenci\u00f3n que permitir\u00e1 la atenci\u00f3n primaria de las v\u00edctimas de violencia &nbsp; &nbsp; &nbsp; &nbsp; Diputados aprob\u00f3 el proyecto que establece la creaci\u00f3n de Comisar\u00edas de la Mujer en todas las cabeceras de departamento de la provincia. Se establece que &#8220;dichas comisarias tienen como objetivo garantizar el derecho a ser escuchados en un espacio de comprensi\u00f3n y buen trato; asesorar a los denunciantes sobre los derechos;&#8230;<\/p>\n","protected":false},"author":3,"featured_media":4626,"comment_status":"closed","ping_status":"closed","sticky":false,"template":"","format":"standard","meta":[],"categories":[15],"tags":[],"_links":{"self":[{"href":"https:\/\/www.actualidadadiario.com\/index.php\/wp-json\/wp\/v2\/posts\/4987"}],"collection":[{"href":"https:\/\/www.actualidadadiario.com\/index.php\/wp-json\/wp\/v2\/posts"}],"about":[{"href":"https:\/\/www.actualidadadiario.com\/index.php\/wp-json\/wp\/v2\/types\/post"}],"author":[{"embeddable":true,"href":"https:\/\/www.actualidadadiario.com\/index.php\/wp-json\/wp\/v2\/users\/3"}],"replies":[{"embeddable":true,"href":"https:\/\/www.actualidadadiario.com\/index.php\/wp-json\/wp\/v2\/comments?post=4987"}],"version-history":[{"count":1,"href":"https:\/\/www.actualidadadiario.com\/index.php\/wp-json\/wp\/v2\/posts\/4987\/revisions"}],"predecessor-version":[{"id":4988,"href":"https:\/\/www.actualidadadiario.com\/index.php\/wp-json\/wp\/v2\/posts\/4987\/revisions\/4988"}],"wp:featuredmedia":[{"embeddable":true,"href":"https:\/\/www.actualidadadiario.com\/index.php\/wp-json\/wp\/v2\/media\/4626"}],"wp:attachment":[{"href":"https:\/\/www.actualidadadiario.com\/index.php\/wp-json\/wp\/v2\/media?parent=4987"}],"wp:term":[{"taxonomy":"category","embeddable":true,"href":"https:\/\/www.actualidadadiario.com\/index.php\/wp-json\/wp\/v2\/categories?post=4987"},{"taxonomy":"post_tag","embeddable":true,"href":"https:\/\/www.actualidadadiario.com\/index.php\/wp-json\/wp\/v2\/tags?post=4987"}],"curies":[{"name":"wp","href":"https:\/\/api.w.org\/{rel}","templated":true}]}}