{"id":4984,"date":"2016-11-23T09:39:27","date_gmt":"2016-11-23T12:39:27","guid":{"rendered":"http:\/\/actualidadadiario.com\/site\/?p=4984"},"modified":"2016-11-23T09:39:27","modified_gmt":"2016-11-23T12:39:27","slug":"salud-proyecta-para-2017-optimizar-el-componente-materno-y-neonatal","status":"publish","type":"post","link":"https:\/\/www.actualidadadiario.com\/index.php\/2016\/11\/23\/salud-proyecta-para-2017-optimizar-el-componente-materno-y-neonatal\/","title":{"rendered":"Salud proyecta para 2017 optimizar el componente materno y neonatal"},"content":{"rendered":"<p><em><strong>El Ministerio de Salud de Entre R\u00edos proyecta para el a\u00f1o entrante continuar fortaleciendo el eje perinatal y destinar la mayor\u00eda del recurso humano de los efectores para optimizar la atenci\u00f3n. \u201cHemos cumplido m\u00e1s del 80% de los objetivos que nos planteamos para este a\u00f1o, principalmente en el \u00e1rea administrativa, ejecutando el cien por ciento del presupuesto, y vamos a continuar trabajando con el equipo para mejorar el sistema sanitario\u201d, dijo el ministro Ariel de la Rosa<\/strong><\/em><\/p>\n<p>&nbsp;<\/p>\n<p>&nbsp;<\/p>\n<p>&nbsp;<\/p>\n<p>&nbsp;<\/p>\n<p>En las postrimer\u00edas del a\u00f1o, y para confeccionar un informe de la gesti\u00f3n de este 2016 a los efectos de ser elevado al gobernador, Gustavo Bordet, el gabinete del Ministerio de Salud provincial se reuni\u00f3 con la finalidad de avanzar en distintos temas que hacen al mejoramiento del sistema sanitario en los diferentes puntos del suelo entrerriano.<\/p>\n<p>&nbsp;<\/p>\n<p>En el transcurso de la gesti\u00f3n se inici\u00f3 el proceso de regionalizaci\u00f3n perinatal con cabecera en los departamentos Paran\u00e1 y Concordia. Esta tem\u00e1tica fue uno de los ejes del encuentro que encabez\u00f3 el ministro, Ariel de la Rosa, quien afirm\u00f3 que para el 2017 se har\u00e1 mayor \u00e9nfasis en el componente materno y neonatal. \u201cEn la reuni\u00f3n con todo el equipo de nuestro gabinete tratamos temas varios, referentes a la gesti\u00f3n, y proyectamos lo presupuestario para el a\u00f1o que viene\u201d, explic\u00f3.<\/p>\n<p>&nbsp;<\/p>\n<p>Asimismo, el titular de la cartera de Salud, indic\u00f3: \u201cTeniendo en cuenta la reforma de la Ley provincial N\u00ba 9.892 de Carrera Profesional Asistencial Sanitaria, es un objetivo de gesti\u00f3n poder clarificar lo que es nuestro sistema de recursos humanos y, sobre todo, del sector profesional donde hoy existe una dispersi\u00f3n y variedad con duplicaci\u00f3n y hasta triplicaci\u00f3n de cargos, en algunos casos, y no queremos que ocurran este tipo de situaciones que son distorsivas. Por eso hemos marcado este punto con un fuerte control en lo que hace al ausentismo\u201d.<\/p>\n<p>&nbsp;<\/p>\n<p>Por otra parte, en el encuentro con su gabinete, el funcionario puso en tema la nueva pol\u00edtica de compra de medicamentos: \u201cSe avizora un proceso distinto, el cual ya est\u00e1 iniciado para la compra y provisi\u00f3n centralizada de medicamentos e insumos m\u00e9dicos para los 65 hospitales de la provincia. Estamos avanzando en este tema para 2017\u201d, expres\u00f3.<\/p>\n<p>&nbsp;<\/p>\n<p>Estuvieron presentes los secretarios de Salud y de Gesti\u00f3n Sanitaria, Mario Imaz y Sergio Schmunck, respectivamente; la asesora ministerial Mercedes Basso; la coordinadora general de la Unidad de Gesti\u00f3n de Programas de Salud, Sonia Vel\u00e1zquez; la coordinadora de la Unidad Ejecutora de Conservaci\u00f3n, Adriana Sattler; el subsecretario de Administraci\u00f3n, Sebasti\u00e1n Calero; y los directores de Asuntos Jur\u00eddicos, V\u00edctor Hugo Berta; de Atenci\u00f3n M\u00e9dica, Mario Tizzoni; del Primer Nivel de Atenci\u00f3n, Flavia Maidana; y de Contrataciones, Luisa Berruezo.<\/p>\n","protected":false},"excerpt":{"rendered":"<p>El Ministerio de Salud de Entre R\u00edos proyecta para el a\u00f1o entrante continuar fortaleciendo el eje perinatal y destinar la mayor\u00eda del recurso humano de los efectores para optimizar la atenci\u00f3n. \u201cHemos cumplido m\u00e1s del 80% de los objetivos que nos planteamos para este a\u00f1o, principalmente en el \u00e1rea administrativa, ejecutando el cien por ciento del presupuesto, y vamos a continuar trabajando con el equipo para mejorar el sistema sanitario\u201d, dijo el ministro Ariel de la Rosa &nbsp; &nbsp; &nbsp; &nbsp; En las postrimer\u00edas del a\u00f1o, y para confeccionar un&#8230;<\/p>\n","protected":false},"author":3,"featured_media":4985,"comment_status":"closed","ping_status":"closed","sticky":false,"template":"","format":"standard","meta":[],"categories":[15],"tags":[],"_links":{"self":[{"href":"https:\/\/www.actualidadadiario.com\/index.php\/wp-json\/wp\/v2\/posts\/4984"}],"collection":[{"href":"https:\/\/www.actualidadadiario.com\/index.php\/wp-json\/wp\/v2\/posts"}],"about":[{"href":"https:\/\/www.actualidadadiario.com\/index.php\/wp-json\/wp\/v2\/types\/post"}],"author":[{"embeddable":true,"href":"https:\/\/www.actualidadadiario.com\/index.php\/wp-json\/wp\/v2\/users\/3"}],"replies":[{"embeddable":true,"href":"https:\/\/www.actualidadadiario.com\/index.php\/wp-json\/wp\/v2\/comments?post=4984"}],"version-history":[{"count":1,"href":"https:\/\/www.actualidadadiario.com\/index.php\/wp-json\/wp\/v2\/posts\/4984\/revisions"}],"predecessor-version":[{"id":4986,"href":"https:\/\/www.actualidadadiario.com\/index.php\/wp-json\/wp\/v2\/posts\/4984\/revisions\/4986"}],"wp:featuredmedia":[{"embeddable":true,"href":"https:\/\/www.actualidadadiario.com\/index.php\/wp-json\/wp\/v2\/media\/4985"}],"wp:attachment":[{"href":"https:\/\/www.actualidadadiario.com\/index.php\/wp-json\/wp\/v2\/media?parent=4984"}],"wp:term":[{"taxonomy":"category","embeddable":true,"href":"https:\/\/www.actualidadadiario.com\/index.php\/wp-json\/wp\/v2\/categories?post=4984"},{"taxonomy":"post_tag","embeddable":true,"href":"https:\/\/www.actualidadadiario.com\/index.php\/wp-json\/wp\/v2\/tags?post=4984"}],"curies":[{"name":"wp","href":"https:\/\/api.w.org\/{rel}","templated":true}]}}