{"id":4981,"date":"2016-11-23T09:38:36","date_gmt":"2016-11-23T12:38:36","guid":{"rendered":"http:\/\/actualidadadiario.com\/site\/?p=4981"},"modified":"2016-11-23T09:38:36","modified_gmt":"2016-11-23T12:38:36","slug":"el-gobierno-asistira-a-productores-de-federacion-afectados-por-granizo","status":"publish","type":"post","link":"https:\/\/www.actualidadadiario.com\/index.php\/2016\/11\/23\/el-gobierno-asistira-a-productores-de-federacion-afectados-por-granizo\/","title":{"rendered":"El gobierno asistir\u00e1 a productores de Federaci\u00f3n afectados por granizo"},"content":{"rendered":"<p><em><strong>El ministro de Producci\u00f3n, Carlos Schepens, recibi\u00f3 a dirigentes de Federaci\u00f3n Agraria, Elvio Gh\u00eda y Alfredo Bell, para dialogar sobre la situaci\u00f3n de los productores del departamento Federaci\u00f3n afectados por los fen\u00f3menos clim\u00e1ticos de comienzos de noviembre. El ministro se comprometi\u00f3 a iniciar gestiones ante Naci\u00f3n para redireccionar fondos remanentes del decreto 411 que declar\u00f3 la emergencia por los fen\u00f3menos clim\u00e1ticos de diciembre de 2015, para ser enviados a los productores de Federaci\u00f3n. De la reuni\u00f3n particip\u00f3 tambi\u00e9n el senador provincial Miguel Piana<\/strong><\/em><\/p>\n<p>&nbsp;<\/p>\n<p>&nbsp;<\/p>\n<p>&nbsp;<\/p>\n<p>&nbsp;<\/p>\n<p>&nbsp;<\/p>\n<p>Al respecto, Schepens se\u00f1al\u00f3 que \u201cqueremos dar una respuesta \u00e1gil y efectiva porque todo productor afectado debe volver a trabajar cuanto antes para subsanar los da\u00f1os experimentados. Si Naci\u00f3n nos autoriza a reorientar esos fondos, que tambi\u00e9n se conformaron para atender una emergencia, pronto implementaremos una metodolog\u00eda para canalizar en forma r\u00e1pida la ayuda a los productores\u201d.<\/p>\n<p>&nbsp;<\/p>\n<p>&nbsp;<\/p>\n<p>&nbsp;<\/p>\n<p>&nbsp;<\/p>\n<p>&nbsp;<\/p>\n<p><strong>Evaluaci\u00f3n de los t\u00e9cnicos del Ministerio <\/strong><\/p>\n<p>El d\u00eda jueves 10 de noviembre se registraron tormentas, acompa\u00f1adas de fuertes vientos y ca\u00edda de granizo, lo que afect\u00f3 gravemente a productores citr\u00edcolas, hort\u00edcolas y ganaderos de la regi\u00f3n nordeste del departamento Federaci\u00f3n.<\/p>\n<p>&nbsp;<\/p>\n<p>Se recibieron denuncias de vecinos de Colonia Belgrano, Ensanche Sauce y La Florida.<\/p>\n<p>A partir de esto, se confeccion\u00f3 un mapa que permita visualizar claramente los lugares donde se produjeron las mayores p\u00e9rdidas. El mismo se origin\u00f3 a partir de entrevistas y visitas realizadas a productores de la zona.<\/p>\n<p>&nbsp;<\/p>\n<p>Hasta el momento se registraron alrededor de 75 productores afectados, donde se tom\u00f3 nota de superficie y porcentaje de da\u00f1os en cada cultivo. El total de superficie relevada fue de 2.000 hect\u00e1reas, con un rango de da\u00f1o que va de 80 a 100 por ciento.<\/p>\n<p>&nbsp;<\/p>\n<p>&nbsp;<\/p>\n<p>&nbsp;<\/p>\n<p>&nbsp;<\/p>\n<p>&nbsp;<\/p>\n<p><strong>Los da\u00f1os <\/strong><\/p>\n<p><strong>Ganader\u00eda: <\/strong><\/p>\n<ul>\n<li>Animales muertos.<\/li>\n<li>Pasturas destruidas.<\/li>\n<\/ul>\n<p>&nbsp;<\/p>\n<p><strong>Producci\u00f3n hort\u00edcola bajo cubierta: <\/strong><\/p>\n<ul>\n<li>Rotura de cobertura y estructura.<\/li>\n<li>Perdida de cultivos (principalmente cultivo de tomate y pimiento)<\/li>\n<\/ul>\n<p>&nbsp;<\/p>\n<p><strong>Citricultura: <\/strong><\/p>\n<ul>\n<li>P\u00e9rdida de producci\u00f3n por 2 a\u00f1os y hasta 3 a\u00f1os en algunos casos y da\u00f1os muy graves en plantas.<\/li>\n<\/ul>\n<p>&nbsp;<\/p>\n<p>&nbsp;<\/p>\n<p>&nbsp;<\/p>\n<p>Acompa\u00f1aron al ministro en la visita del senador Piana y los dirigentes ruralistas, el secretario de Producci\u00f3n Primaria, Mart\u00edn Barbieri y el director de Agricultura, Lucio Amavet.<\/p>\n","protected":false},"excerpt":{"rendered":"<p>El ministro de Producci\u00f3n, Carlos Schepens, recibi\u00f3 a dirigentes de Federaci\u00f3n Agraria, Elvio Gh\u00eda y Alfredo Bell, para dialogar sobre la situaci\u00f3n de los productores del departamento Federaci\u00f3n afectados por los fen\u00f3menos clim\u00e1ticos de comienzos de noviembre. El ministro se comprometi\u00f3 a iniciar gestiones ante Naci\u00f3n para redireccionar fondos remanentes del decreto 411 que declar\u00f3 la emergencia por los fen\u00f3menos clim\u00e1ticos de diciembre de 2015, para ser enviados a los productores de Federaci\u00f3n. De la reuni\u00f3n particip\u00f3 tambi\u00e9n el senador provincial Miguel Piana &nbsp; &nbsp; &nbsp; &nbsp; &nbsp; Al respecto,&#8230;<\/p>\n","protected":false},"author":3,"featured_media":4982,"comment_status":"closed","ping_status":"closed","sticky":false,"template":"","format":"standard","meta":[],"categories":[15],"tags":[],"_links":{"self":[{"href":"https:\/\/www.actualidadadiario.com\/index.php\/wp-json\/wp\/v2\/posts\/4981"}],"collection":[{"href":"https:\/\/www.actualidadadiario.com\/index.php\/wp-json\/wp\/v2\/posts"}],"about":[{"href":"https:\/\/www.actualidadadiario.com\/index.php\/wp-json\/wp\/v2\/types\/post"}],"author":[{"embeddable":true,"href":"https:\/\/www.actualidadadiario.com\/index.php\/wp-json\/wp\/v2\/users\/3"}],"replies":[{"embeddable":true,"href":"https:\/\/www.actualidadadiario.com\/index.php\/wp-json\/wp\/v2\/comments?post=4981"}],"version-history":[{"count":1,"href":"https:\/\/www.actualidadadiario.com\/index.php\/wp-json\/wp\/v2\/posts\/4981\/revisions"}],"predecessor-version":[{"id":4983,"href":"https:\/\/www.actualidadadiario.com\/index.php\/wp-json\/wp\/v2\/posts\/4981\/revisions\/4983"}],"wp:featuredmedia":[{"embeddable":true,"href":"https:\/\/www.actualidadadiario.com\/index.php\/wp-json\/wp\/v2\/media\/4982"}],"wp:attachment":[{"href":"https:\/\/www.actualidadadiario.com\/index.php\/wp-json\/wp\/v2\/media?parent=4981"}],"wp:term":[{"taxonomy":"category","embeddable":true,"href":"https:\/\/www.actualidadadiario.com\/index.php\/wp-json\/wp\/v2\/categories?post=4981"},{"taxonomy":"post_tag","embeddable":true,"href":"https:\/\/www.actualidadadiario.com\/index.php\/wp-json\/wp\/v2\/tags?post=4981"}],"curies":[{"name":"wp","href":"https:\/\/api.w.org\/{rel}","templated":true}]}}