{"id":4978,"date":"2016-11-23T09:37:44","date_gmt":"2016-11-23T12:37:44","guid":{"rendered":"http:\/\/actualidadadiario.com\/site\/?p=4978"},"modified":"2016-11-23T09:37:44","modified_gmt":"2016-11-23T12:37:44","slug":"la-provincia-entrego-financiamiento-a-proyectos-productivos-de-jovenes-emprendedores","status":"publish","type":"post","link":"https:\/\/www.actualidadadiario.com\/index.php\/2016\/11\/23\/la-provincia-entrego-financiamiento-a-proyectos-productivos-de-jovenes-emprendedores\/","title":{"rendered":"La provincia entreg\u00f3 financiamiento a proyectos productivos de j\u00f3venes emprendedores"},"content":{"rendered":"<p><em><strong>En el marco del programa J\u00f3venes Emprendedores, el gobierno de la provincia entreg\u00f3 este martes el financiamiento para proyectos productivos entrerrianos. El encuentro se desarroll\u00f3 en el Ministerio de Producci\u00f3n y cont\u00f3 con la presencia de representantes de la Federaci\u00f3n Econ\u00f3mica de Entre R\u00edos (Feder)<\/strong><\/em><\/p>\n<p>&nbsp;<\/p>\n<p>&nbsp;<\/p>\n<p>&nbsp;<\/p>\n<p>&nbsp;<\/p>\n<p>El ministro de Producci\u00f3n, Carlos Schepens, recibi\u00f3 junto al Secretario de Relaciones Institucionales, Pedro Gebhart, a los representantes de J\u00f3venes Empresarios de la Federaci\u00f3n Econ\u00f3mica de Entre R\u00edos (Feder), Maximiliano Godoy y Waldemar Gonz\u00e1lez Oxar\u00e1n, acompa\u00f1ados de un grupo de un grupo de j\u00f3venes emprendedores que recibieron financiamiento para la concreci\u00f3n de sus proyectos.<\/p>\n<p>&nbsp;<\/p>\n<p>Los proyectos fueron financiados desde el Programa J\u00f3venes Emprendedores, en el marco del R\u00e9gimen de Promoci\u00f3n del Emprendedorismo Joven Entrerriano que crea la ley provincial 10.394. El Programa financia, capacita y asesora a proyectos productivos agropecuarios, industriales o servicios asociados a dichos sectores, de j\u00f3venes de entre 18 y 40 a\u00f1os. Se trata de un financiamiento a tasa cero y que otorga un a\u00f1o de gracia para comenzar con la devoluci\u00f3n del cr\u00e9dito.<\/p>\n<p>&nbsp;<\/p>\n<p>Uno de los emprendimientos corresponde a Leandro Laurencena, quien tiene un proyecto de cr\u00eda bovina radicado en Villaguay, y solicit\u00f3 el aporte para comprar vacas madre. Adem\u00e1s, recibieron financiamiento para su proyecto de engorde mediante t\u00e9cnica de invernada, Emanuel Diri\u00e9 y Gast\u00f3n Garc\u00eda. El mismo se desarrolla en un campo ubicado en San Gustavo y el financiamiento fue solicitado para la compra de materiales a utilizar en el armado de corrales.<\/p>\n<p>&nbsp;<\/p>\n<p>De la reuni\u00f3n particip\u00f3 tambi\u00e9n el emprendedor Santiago Romero Ayala, bioingeniero egresado de la Universidad Nacional de Entre R\u00edos. Su proyecto, recientemente financiado, consiste en el desarrollo de software para aplicaciones de celulares y computadoras relacionadas al entrenamiento en gimnasios.<\/p>\n<p>&nbsp;<\/p>\n<p>Al respecto, el ministro Carlos Schepens, resalt\u00f3 los resultados de este Programa que \u201cfue creado en 2010 y desde mayo de 2011 viene financiando y sosteniendo iniciativas de perfil productivo que han demostrado valiosos logros. Es doblemente trascendente, adem\u00e1s, que ese apoyo se haya orientado a los j\u00f3venes, lo que demuestra que el Estado cumple un rol imprescindible para promover y generar actividad econ\u00f3mica\u201d.<\/p>\n<p>&nbsp;<\/p>\n<p>Por su parte, el secretario de Relaciones Institucionales, Pedro Gebhart, destac\u00f3 &#8220;el trabajo articulado con las instituciones del sector privado, que permite potenciar esfuerzos y profundizar en materia de acompa\u00f1amiento, asistencia y financiamiento a los j\u00f3venes emprendedores y empresarios de la Provincia. Este es el trabajo que hemos realizado con J\u00f3venes Empresarios de la Feder a lo largo de todo el a\u00f1o, y que vamos a seguir profundizando&#8221;.<\/p>\n<p>&nbsp;<\/p>\n<p>Para m\u00e1s informaci\u00f3n sobre el Programa J\u00f3venes Emprendedores, se puede llamar al 0343-4840964, dirigirse a sus oficinas ubicadas en calle Cervantes 69 de la ciudad de Paran\u00e1 o escribir a <a href=\"mailto:jovenesemprendedoreser@gmail.com\">jovenesemprendedoreser@gmail.com<\/a>.<\/p>\n","protected":false},"excerpt":{"rendered":"<p>En el marco del programa J\u00f3venes Emprendedores, el gobierno de la provincia entreg\u00f3 este martes el financiamiento para proyectos productivos entrerrianos. El encuentro se desarroll\u00f3 en el Ministerio de Producci\u00f3n y cont\u00f3 con la presencia de representantes de la Federaci\u00f3n Econ\u00f3mica de Entre R\u00edos (Feder) &nbsp; &nbsp; &nbsp; &nbsp; El ministro de Producci\u00f3n, Carlos Schepens, recibi\u00f3 junto al Secretario de Relaciones Institucionales, Pedro Gebhart, a los representantes de J\u00f3venes Empresarios de la Federaci\u00f3n Econ\u00f3mica de Entre R\u00edos (Feder), Maximiliano Godoy y Waldemar Gonz\u00e1lez Oxar\u00e1n, acompa\u00f1ados de un grupo de un&#8230;<\/p>\n","protected":false},"author":3,"featured_media":4979,"comment_status":"closed","ping_status":"closed","sticky":false,"template":"","format":"standard","meta":[],"categories":[15],"tags":[],"_links":{"self":[{"href":"https:\/\/www.actualidadadiario.com\/index.php\/wp-json\/wp\/v2\/posts\/4978"}],"collection":[{"href":"https:\/\/www.actualidadadiario.com\/index.php\/wp-json\/wp\/v2\/posts"}],"about":[{"href":"https:\/\/www.actualidadadiario.com\/index.php\/wp-json\/wp\/v2\/types\/post"}],"author":[{"embeddable":true,"href":"https:\/\/www.actualidadadiario.com\/index.php\/wp-json\/wp\/v2\/users\/3"}],"replies":[{"embeddable":true,"href":"https:\/\/www.actualidadadiario.com\/index.php\/wp-json\/wp\/v2\/comments?post=4978"}],"version-history":[{"count":1,"href":"https:\/\/www.actualidadadiario.com\/index.php\/wp-json\/wp\/v2\/posts\/4978\/revisions"}],"predecessor-version":[{"id":4980,"href":"https:\/\/www.actualidadadiario.com\/index.php\/wp-json\/wp\/v2\/posts\/4978\/revisions\/4980"}],"wp:featuredmedia":[{"embeddable":true,"href":"https:\/\/www.actualidadadiario.com\/index.php\/wp-json\/wp\/v2\/media\/4979"}],"wp:attachment":[{"href":"https:\/\/www.actualidadadiario.com\/index.php\/wp-json\/wp\/v2\/media?parent=4978"}],"wp:term":[{"taxonomy":"category","embeddable":true,"href":"https:\/\/www.actualidadadiario.com\/index.php\/wp-json\/wp\/v2\/categories?post=4978"},{"taxonomy":"post_tag","embeddable":true,"href":"https:\/\/www.actualidadadiario.com\/index.php\/wp-json\/wp\/v2\/tags?post=4978"}],"curies":[{"name":"wp","href":"https:\/\/api.w.org\/{rel}","templated":true}]}}