{"id":4975,"date":"2016-11-23T09:36:48","date_gmt":"2016-11-23T12:36:48","guid":{"rendered":"http:\/\/actualidadadiario.com\/site\/?p=4975"},"modified":"2016-11-23T09:36:48","modified_gmt":"2016-11-23T12:36:48","slug":"ater-firmo-convenios-con-municipios-para-intercambio-de-datos-catastrales","status":"publish","type":"post","link":"https:\/\/www.actualidadadiario.com\/index.php\/2016\/11\/23\/ater-firmo-convenios-con-municipios-para-intercambio-de-datos-catastrales\/","title":{"rendered":"ATER firm\u00f3 convenios con municipios para intercambio de datos catastrales"},"content":{"rendered":"<p><em><strong>La Administradora Tributaria de Entre R\u00edos (ATER) suscribi\u00f3 este martes convenios con seis municipios de la provincia con el fin de armonizar la informaci\u00f3n catastral a trav\u00e9s del intercambio de datos, para ampliar la base tributaria y lograr mayor equidad<\/strong><\/em><\/p>\n<p>&nbsp;<\/p>\n<p>&nbsp;<\/p>\n<p>&nbsp;<\/p>\n<p>&nbsp;<\/p>\n<p>&nbsp;<\/p>\n<p>La provincia ya ha firmado convenios con Concordia, Gualeguaych\u00fa, Concepci\u00f3n del Uruguay, Villaguay, San Salvador y General Ramirez; se est\u00e1 tomando contacto con Gualeguay y La Paz; y en el caso de Paran\u00e1, se est\u00e1 a la espera de definiciones del municipio.<\/p>\n<p>&nbsp;<\/p>\n<p>En un encuentro que se realiz\u00f3 este martes en la sede de la Direcci\u00f3n General de Catastro, con la presencia del secretario de Hacienda, Antonio Labriola; el titular de la ATER, Sergio Granetto, y el secretario de Gobierno, Germ\u00e1n Gran\u00e9, se procedi\u00f3 a la firma de los respectivos convenios con los intendentes de Colonia Avellaneda, Edgardo Dellizzotti, de Villa Clara, Silvana Dom\u00e9, de Mar\u00eda Grande, Hugo Ma\u00edn, de Estancia Grande, Daniel Llados, de Urdinarrain, Alberto Mornaco, y de Villa Libertador General San Mart\u00edn, Ra\u00fal Casali.<\/p>\n<p>&nbsp;<\/p>\n<p>Tras la firma, Granetto se\u00f1al\u00f3 que \u201cha sido un pedido del gobernador articular con los municipios el trabajo de la ATER, particularmente en lo que tiene que ver con la informaci\u00f3n catastral. La equidad es un concepto que se vuelve concreto, cuando hay mejor informaci\u00f3n de parte del Estado, cuando \u00e9ste est\u00e1 m\u00e1s fuerte en el cruce de informaci\u00f3n\u201d, apunt\u00f3.<\/p>\n<p>&nbsp;<\/p>\n<p>Hizo notar que \u201cen los trabajos t\u00e9cnicos se han detectado muchas diferencias de metros construidos que no est\u00e1n declarados, as\u00ed que mientras alguien est\u00e1 pagando como corresponde, al lado otro est\u00e1 con una construcci\u00f3n sin declarar\u201d.<\/p>\n<p>&nbsp;<\/p>\n<p>En ese sentido, consider\u00f3 que \u201clos municipios son los que est\u00e1n m\u00e1s cercanos a la realidad local, por lo que tienen m\u00e1s informaci\u00f3n, y nosotros estamos trabajando en cruzar esas bases de datos, por un lado; y por otro, en acercar la ATER en materia de fiscalizaci\u00f3n y fortalecimiento de las estructuras tributarias de los municipios\u201d.<\/p>\n<p>&nbsp;<\/p>\n<p>Precis\u00f3 luego que \u201cya venimos trabajando con municipios grandes, como son Villaguay, Concordia, Uruguay. Venimos haciendo contacto con Gualeguay, La Paz y otros\u201d.<\/p>\n<p>&nbsp;<\/p>\n<p>&nbsp;<\/p>\n<p>&nbsp;<\/p>\n<p>&nbsp;<\/p>\n<p>&nbsp;<\/p>\n<p><strong>Sin Avances en Paran\u00e1 <\/strong><\/p>\n<p>Pese a las ventajas de este formato de este trabajo, y ante la consulta respecto a la ciudad de Paran\u00e1, desde la ATER se inform\u00f3 que se ha planteado el trabajo en conjunto &#8220;por diversas v\u00edas, incluso las administrativas&#8221; pero que &#8220;llamativamente&#8221; a\u00fan no se han logrado dar avances.<\/p>\n<p>&nbsp;<\/p>\n<p>&nbsp;<\/p>\n<p>&nbsp;<\/p>\n<p>&nbsp;<\/p>\n<p>&nbsp;<\/p>\n<p><strong>Equidad <\/strong><\/p>\n<p>Por su parte, el director de Catastro, Javier Rabbia, explic\u00f3 que \u201cla idea de esta firma de convenios es empezar a intercambiar informaci\u00f3n con los municipios para obtener una base de datos \u00fanica en la cual basarnos en la tributaci\u00f3n y lograr con esto mayor equidad. Que tributen los que tengan que tributar, logrando la equidad, y que paguen los que tengan que pagar\u201d.<\/p>\n<p>&nbsp;<\/p>\n<p>Se\u00f1al\u00f3 que \u201clo primero que queremos encontrar son aquellas mejoras que no est\u00e1n declaradas en la provincia, ya que hemos detectado en varios an\u00e1lisis que hay muchas parcelas que en el municipio est\u00e1n declaradas las mejoras, est\u00e1n tributando, y nosotros las tenemos declaradas como bald\u00edo\u201d .<\/p>\n<p>&nbsp;<\/p>\n<p>En tanto, el intendente de Colonia Avellaneda, Edgardo Dellizzotti, consider\u00f3 que estos convenios \u201cterminan de sintetizar el mensaje del gobernador de inicio de gesti\u00f3n de sincerar todas estas cuestiones, ver c\u00f3mo est\u00e1 funcionando la parte catastral, de rentas, de cada uno de los municipios; amalgamar las ideas; sincronizar nuestras tasas con otros municipios, buscando la sinceridad en todos los aspectos\u201d.<\/p>\n<p>&nbsp;<\/p>\n<p>\u201cEn el caso nuestro, que estamos en continuo crecimiento, es importante esta relaci\u00f3n que reafirmamos con este convenio y esperamos poder dar la informaci\u00f3n, que le vendr\u00eda muy bien a la provincia y tambi\u00e9n al municipio recibir la informaci\u00f3n de la provincia. Es rec\u00edproco, y tenemos que entender que hay que seguir trabajando en este sentido para saber d\u00f3nde estamos parados\u201d, finaliz\u00f3.<\/p>\n","protected":false},"excerpt":{"rendered":"<p>La Administradora Tributaria de Entre R\u00edos (ATER) suscribi\u00f3 este martes convenios con seis municipios de la provincia con el fin de armonizar la informaci\u00f3n catastral a trav\u00e9s del intercambio de datos, para ampliar la base tributaria y lograr mayor equidad &nbsp; &nbsp; &nbsp; &nbsp; &nbsp; La provincia ya ha firmado convenios con Concordia, Gualeguaych\u00fa, Concepci\u00f3n del Uruguay, Villaguay, San Salvador y General Ramirez; se est\u00e1 tomando contacto con Gualeguay y La Paz; y en el caso de Paran\u00e1, se est\u00e1 a la espera de definiciones del municipio. &nbsp; En un&#8230;<\/p>\n","protected":false},"author":3,"featured_media":4976,"comment_status":"closed","ping_status":"closed","sticky":false,"template":"","format":"standard","meta":[],"categories":[15],"tags":[],"_links":{"self":[{"href":"https:\/\/www.actualidadadiario.com\/index.php\/wp-json\/wp\/v2\/posts\/4975"}],"collection":[{"href":"https:\/\/www.actualidadadiario.com\/index.php\/wp-json\/wp\/v2\/posts"}],"about":[{"href":"https:\/\/www.actualidadadiario.com\/index.php\/wp-json\/wp\/v2\/types\/post"}],"author":[{"embeddable":true,"href":"https:\/\/www.actualidadadiario.com\/index.php\/wp-json\/wp\/v2\/users\/3"}],"replies":[{"embeddable":true,"href":"https:\/\/www.actualidadadiario.com\/index.php\/wp-json\/wp\/v2\/comments?post=4975"}],"version-history":[{"count":1,"href":"https:\/\/www.actualidadadiario.com\/index.php\/wp-json\/wp\/v2\/posts\/4975\/revisions"}],"predecessor-version":[{"id":4977,"href":"https:\/\/www.actualidadadiario.com\/index.php\/wp-json\/wp\/v2\/posts\/4975\/revisions\/4977"}],"wp:featuredmedia":[{"embeddable":true,"href":"https:\/\/www.actualidadadiario.com\/index.php\/wp-json\/wp\/v2\/media\/4976"}],"wp:attachment":[{"href":"https:\/\/www.actualidadadiario.com\/index.php\/wp-json\/wp\/v2\/media?parent=4975"}],"wp:term":[{"taxonomy":"category","embeddable":true,"href":"https:\/\/www.actualidadadiario.com\/index.php\/wp-json\/wp\/v2\/categories?post=4975"},{"taxonomy":"post_tag","embeddable":true,"href":"https:\/\/www.actualidadadiario.com\/index.php\/wp-json\/wp\/v2\/tags?post=4975"}],"curies":[{"name":"wp","href":"https:\/\/api.w.org\/{rel}","templated":true}]}}