{"id":4969,"date":"2016-11-23T09:34:46","date_gmt":"2016-11-23T12:34:46","guid":{"rendered":"http:\/\/actualidadadiario.com\/site\/?p=4969"},"modified":"2016-11-23T09:34:46","modified_gmt":"2016-11-23T12:34:46","slug":"bordet-fortalece-lazos-institucionales-con-viceintendentes-del-oficialismo","status":"publish","type":"post","link":"https:\/\/www.actualidadadiario.com\/index.php\/2016\/11\/23\/bordet-fortalece-lazos-institucionales-con-viceintendentes-del-oficialismo\/","title":{"rendered":"Bordet fortalece lazos institucionales con viceintendentes del oficialismo"},"content":{"rendered":"<p><em><strong>El gobernador Gustavo Bordet recibi\u00f3 este martes en Casa de Gobierno a la liga de Viceintendentes Justicialistas de Entre R\u00edos. El mandatario, que estuvo acompa\u00f1ado por su equipo de gobierno, escuch\u00f3 a cada referente y repas\u00f3 temas de la gesti\u00f3n provincial y municipal. \u201cTengo un profundo compromiso con el municipalismo y con las administraciones comunales entendiendo que es la c\u00e9lula principal de la democracia, y el lugar donde los vecinos naturalmente acuden\u201d, afirm\u00f3 el mandatario<\/strong><\/em><\/p>\n<p>&nbsp;<\/p>\n<p>&nbsp;<\/p>\n<p>&nbsp;<\/p>\n<p>&nbsp;<\/p>\n<p>&nbsp;<\/p>\n<p>El encuentro se desarroll\u00f3 en el Sal\u00f3n de los Gobernadores, y cont\u00f3 con la presencia de una veintena de viceintendentes. Al dar la bienvenida, Bordet felicit\u00f3 la iniciativa de constituir la liga y de promover el trabajo articulado en materia de gestiones y tambi\u00e9n de labor legislativa a trav\u00e9s de los concejos deliberantes de cada ciudad.<\/p>\n<p>&nbsp;<\/p>\n<p>\u201cLe he pedido a mis ministros que est\u00e9n presentes en la reuni\u00f3n para ir evacuando temas que puedan suscitarse y tambi\u00e9n para tener un contacto con quienes naturalmente conducen los concejos deliberante\u201d, sostuvo Bordet, y ratific\u00f3 el car\u00e1cter abierto al di\u00e1logo de su gesti\u00f3n de gobierno.<\/p>\n<p>&nbsp;<\/p>\n<p>\u201cFui cuatro a\u00f1os presidente de la Liga de Intendentes Justicialistas, y ocho a\u00f1os intendente de mi ciudad, con lo cual tengo un profundo compromiso con el municipalismo y con las administraciones comunales, entendiendo que es la c\u00e9lula principal de la democracia, y donde los vecinos naturalmente acuden\u201d, expres\u00f3.<\/p>\n<p>&nbsp;<\/p>\n<p>Adem\u00e1s, \u201cfui concejal de mi ciudad durante cuatro a\u00f1os, con lo cual conozco el trabajo legislativo y tengo un gran respeto, primero por los municipios y segundo por los concejos deliberante\u201d, agreg\u00f3 el gobernador.<\/p>\n<p>&nbsp;<\/p>\n<p>Durante el encuentro se abordaron temas de inter\u00e9s para las administraciones municipales, tales como obras p\u00fablicas, aspectos presupuestarios y de financiamientos, programas sociales y de prevenci\u00f3n de la violencia de g\u00e9nero, la salud p\u00fablica y gestiones ante el gobierno nacional.<\/p>\n<p>&nbsp;<\/p>\n<p>En ese marco, al ser consultado sobre el balance la reuni\u00f3n mantenida, el viceintendente de Concordia, y presidente de la Liga de Viceintendentes Justicialistas de Entre R\u00edos, Armando Gay, destac\u00f3 como sumamente positivo el encuentro y record\u00f3 que &#8220;esto se origin\u00f3 como una liga de cuatro departamentos de la costa del Uruguay: Col\u00f3n, Uruguay, Gualeguaych\u00fa y Concordia, y hoy se transform\u00f3 en un liga de viceintendentes del espacio justicialista de casi toda la provincia&#8221;.<\/p>\n<p>&nbsp;<\/p>\n<p>En ese sentido, destac\u00f3 que el esp\u00edritu de este espacio es contribuir a generar &#8220;cooperaci\u00f3n entre los distintos departamentos y, como ha habido una sinergia positiva entre las cosas que han sido fruct\u00edferas en un lugar, replicarlo en otros para generar todos los elementos y herramientas a los concejales que hoy son oposici\u00f3n para volver a conquistar en el futuro los espacio de poder que en esta elecci\u00f3n nos han sido adversos&#8221;.<\/p>\n<p>&nbsp;<\/p>\n<p>Seguidamente, el viceintendente de Concepci\u00f3n del Uruguay, Mart\u00edn Oliva, agradeci\u00f3 al gobernador y a los ministros por la reuni\u00f3n, y explic\u00f3 que cada viceintendente pudo plantear sus necesidades: &#8220;para nosotros esto es fundamental, ya que no exist\u00eda este espacio, y se desarroll\u00f3. Alcanz\u00f3 un n\u00famero importante de participantes y vamos a continuar por m\u00e1s&#8221;.<\/p>\n<p>&nbsp;<\/p>\n<p>Al referirse a las acciones de este espacio, mencion\u00f3 que &#8220;estos encuentros con las m\u00e1ximas autoridades de la provincia fortalecen al ciudadano, ya que aportan la cercan\u00eda de los vice y de los concejales, a las ordenanzas, que son \u00fatiles y le sirven a la gente&#8221;.<\/p>\n<p>&nbsp;<\/p>\n<p>Participaron de la reuni\u00f3n los viceintendentes de Concordia, Armando Gay; de Concepci\u00f3n del Uruguay, Martin Oliva; de Gualeguaych\u00fa, Jorge Maradey; de Aldea San Antonio, Juan Manuel Callegari; de Federal, Ruben Wetzel; de Ceibas, Luis Maria Ch\u00e1vez; de Villa Paranacito, Julio Olano; de Villaguay, Ra\u00fal De Bernardi; de Feliciano, Victor Dalzotto; de Colonia Ayu\u00ed, Carlos Benitez; de La Criolla, Juan Purgart; de Santa Anita, Sergio Vach; de Colonia El\u00eda, Walter Heindenreig; de San Justo, Fernando Viganoni; de Herrera, Orlando Barbosa; de Villa Mantero, Marcelo Diaz; de Los Charr\u00faas, Cristina Petelin; de Gilbert, Alicia Sosa; de Estancia Grande, Lorena Mu\u00f1oz, quien estuvo acompa\u00f1ada por el intendente, Daniel Llados.<\/p>\n<p>&nbsp;<\/p>\n<p>En tanto, el gobernador estuvo acompa\u00f1ado por los ministros de Gobierno, Mauro Urribarri; de Econom\u00eda, Hugo Ballay; de Planeamiento, Luis Benedetto, de Desarrollo Social, Laura Stratta; de Salud, Ariel De La Rosa; el secretario General de la Gobernaci\u00f3n, Edgardo Kueider, y el secretario de Salud, Mario Imaz.<\/p>\n","protected":false},"excerpt":{"rendered":"<p>El gobernador Gustavo Bordet recibi\u00f3 este martes en Casa de Gobierno a la liga de Viceintendentes Justicialistas de Entre R\u00edos. El mandatario, que estuvo acompa\u00f1ado por su equipo de gobierno, escuch\u00f3 a cada referente y repas\u00f3 temas de la gesti\u00f3n provincial y municipal. \u201cTengo un profundo compromiso con el municipalismo y con las administraciones comunales entendiendo que es la c\u00e9lula principal de la democracia, y el lugar donde los vecinos naturalmente acuden\u201d, afirm\u00f3 el mandatario &nbsp; &nbsp; &nbsp; &nbsp; &nbsp; El encuentro se desarroll\u00f3 en el Sal\u00f3n de los Gobernadores,&#8230;<\/p>\n","protected":false},"author":3,"featured_media":4970,"comment_status":"closed","ping_status":"closed","sticky":false,"template":"","format":"standard","meta":[],"categories":[9],"tags":[],"_links":{"self":[{"href":"https:\/\/www.actualidadadiario.com\/index.php\/wp-json\/wp\/v2\/posts\/4969"}],"collection":[{"href":"https:\/\/www.actualidadadiario.com\/index.php\/wp-json\/wp\/v2\/posts"}],"about":[{"href":"https:\/\/www.actualidadadiario.com\/index.php\/wp-json\/wp\/v2\/types\/post"}],"author":[{"embeddable":true,"href":"https:\/\/www.actualidadadiario.com\/index.php\/wp-json\/wp\/v2\/users\/3"}],"replies":[{"embeddable":true,"href":"https:\/\/www.actualidadadiario.com\/index.php\/wp-json\/wp\/v2\/comments?post=4969"}],"version-history":[{"count":1,"href":"https:\/\/www.actualidadadiario.com\/index.php\/wp-json\/wp\/v2\/posts\/4969\/revisions"}],"predecessor-version":[{"id":4971,"href":"https:\/\/www.actualidadadiario.com\/index.php\/wp-json\/wp\/v2\/posts\/4969\/revisions\/4971"}],"wp:featuredmedia":[{"embeddable":true,"href":"https:\/\/www.actualidadadiario.com\/index.php\/wp-json\/wp\/v2\/media\/4970"}],"wp:attachment":[{"href":"https:\/\/www.actualidadadiario.com\/index.php\/wp-json\/wp\/v2\/media?parent=4969"}],"wp:term":[{"taxonomy":"category","embeddable":true,"href":"https:\/\/www.actualidadadiario.com\/index.php\/wp-json\/wp\/v2\/categories?post=4969"},{"taxonomy":"post_tag","embeddable":true,"href":"https:\/\/www.actualidadadiario.com\/index.php\/wp-json\/wp\/v2\/tags?post=4969"}],"curies":[{"name":"wp","href":"https:\/\/api.w.org\/{rel}","templated":true}]}}