{"id":4957,"date":"2016-11-23T09:25:43","date_gmt":"2016-11-23T12:25:43","guid":{"rendered":"http:\/\/actualidadadiario.com\/site\/?p=4957"},"modified":"2016-11-23T09:25:43","modified_gmt":"2016-11-23T12:25:43","slug":"el-insolito-cargo-de-45-palabras-que-creo-el-gobierno-de-macri","status":"publish","type":"post","link":"https:\/\/www.actualidadadiario.com\/index.php\/2016\/11\/23\/el-insolito-cargo-de-45-palabras-que-creo-el-gobierno-de-macri\/","title":{"rendered":"El ins\u00f3lito cargo de 45 palabras que cre\u00f3 el Gobierno de Macri"},"content":{"rendered":"<p><em><strong>Desde el Ministerio de Modernizaci\u00f3n inventaron un extra\u00f1o cargo<\/strong><\/em><\/p>\n<p>&nbsp;<\/p>\n<p>&nbsp;<\/p>\n<p>&nbsp;<\/p>\n<p>&nbsp;<\/p>\n<p>En estos once meses de gesti\u00f3n, el Gobierno cre\u00f3 una serie de cargos para ocupar en diferentes ministerios. Muchos de esos cargos quedaron en el centro de la pol\u00e9mica por las tareas asignadas y los abultados sueldos para el Estado.<\/p>\n<p>&nbsp;<\/p>\n<p>Esta vez, lo llamativo fue el largo nombre que eligi\u00f3 el macrismo para inventar un cargo p\u00fablico. &#8220;Coordinador de la COORDINACI\u00d3N DE FORTALECIMIENTO DE LA CULTURA ORGANIZACIONAL de la DIRECCI\u00d3N DE FORTALECIMIENTO DE LAS CAPACIDADES INSTITUCIONALES de la OFICINA NACIONAL DE INNOVACI\u00d3N DE GESTI\u00d3N de la SUBSECRETAR\u00cdA DE PLANIFICACI\u00d3N DE EMPLEO P\u00daBLICO de la SECRETAR\u00cdA DE EMPLEO P\u00daBLICO del MINISTERIO DE MODERNIZACI\u00d3N&#8221;. Tal el nombre completo de 45 palabras que figura en el Bolet\u00edn Oficial.<\/p>\n<p>&nbsp;<\/p>\n<p>El dato se dio a conocer hoy por la pol\u00e9mica que despert\u00f3 en las redes sociales pese a que la resoluci\u00f3n fue publicada el 20 de julio de este a\u00f1o.<\/p>\n<p>&nbsp;<\/p>\n<p>Ese lugar ser\u00e1 ocupado por Silvina Etelvina Arnozis, que por esa tarea cobrar\u00e1 un sueldo de 55 mil pesos en bruto, seg\u00fan el escalaf\u00f3n del Estado ya que se encuentra en el cargo Nivel B &#8211; Grado 0, Funci\u00f3n Ejecutiva IV.<\/p>\n","protected":false},"excerpt":{"rendered":"<p>Desde el Ministerio de Modernizaci\u00f3n inventaron un extra\u00f1o cargo &nbsp; &nbsp; &nbsp; &nbsp; En estos once meses de gesti\u00f3n, el Gobierno cre\u00f3 una serie de cargos para ocupar en diferentes ministerios. Muchos de esos cargos quedaron en el centro de la pol\u00e9mica por las tareas asignadas y los abultados sueldos para el Estado. &nbsp; Esta vez, lo llamativo fue el largo nombre que eligi\u00f3 el macrismo para inventar un cargo p\u00fablico. &#8220;Coordinador de la COORDINACI\u00d3N DE FORTALECIMIENTO DE LA CULTURA ORGANIZACIONAL de la DIRECCI\u00d3N DE FORTALECIMIENTO DE LAS CAPACIDADES INSTITUCIONALES&#8230;<\/p>\n","protected":false},"author":3,"featured_media":4958,"comment_status":"closed","ping_status":"closed","sticky":false,"template":"","format":"standard","meta":[],"categories":[18],"tags":[],"_links":{"self":[{"href":"https:\/\/www.actualidadadiario.com\/index.php\/wp-json\/wp\/v2\/posts\/4957"}],"collection":[{"href":"https:\/\/www.actualidadadiario.com\/index.php\/wp-json\/wp\/v2\/posts"}],"about":[{"href":"https:\/\/www.actualidadadiario.com\/index.php\/wp-json\/wp\/v2\/types\/post"}],"author":[{"embeddable":true,"href":"https:\/\/www.actualidadadiario.com\/index.php\/wp-json\/wp\/v2\/users\/3"}],"replies":[{"embeddable":true,"href":"https:\/\/www.actualidadadiario.com\/index.php\/wp-json\/wp\/v2\/comments?post=4957"}],"version-history":[{"count":1,"href":"https:\/\/www.actualidadadiario.com\/index.php\/wp-json\/wp\/v2\/posts\/4957\/revisions"}],"predecessor-version":[{"id":4959,"href":"https:\/\/www.actualidadadiario.com\/index.php\/wp-json\/wp\/v2\/posts\/4957\/revisions\/4959"}],"wp:featuredmedia":[{"embeddable":true,"href":"https:\/\/www.actualidadadiario.com\/index.php\/wp-json\/wp\/v2\/media\/4958"}],"wp:attachment":[{"href":"https:\/\/www.actualidadadiario.com\/index.php\/wp-json\/wp\/v2\/media?parent=4957"}],"wp:term":[{"taxonomy":"category","embeddable":true,"href":"https:\/\/www.actualidadadiario.com\/index.php\/wp-json\/wp\/v2\/categories?post=4957"},{"taxonomy":"post_tag","embeddable":true,"href":"https:\/\/www.actualidadadiario.com\/index.php\/wp-json\/wp\/v2\/tags?post=4957"}],"curies":[{"name":"wp","href":"https:\/\/api.w.org\/{rel}","templated":true}]}}