{"id":4954,"date":"2016-11-23T09:25:02","date_gmt":"2016-11-23T12:25:02","guid":{"rendered":"http:\/\/actualidadadiario.com\/site\/?p=4954"},"modified":"2016-11-23T09:25:02","modified_gmt":"2016-11-23T12:25:02","slug":"colombia-pese-a-criticas-opositoras-nuevo-acuerdo-con-las-farc-ya-tiene-fecha-de-firma","status":"publish","type":"post","link":"https:\/\/www.actualidadadiario.com\/index.php\/2016\/11\/23\/colombia-pese-a-criticas-opositoras-nuevo-acuerdo-con-las-farc-ya-tiene-fecha-de-firma\/","title":{"rendered":"Colombia: pese a cr\u00edticas opositoras, nuevo acuerdo con las FARC ya tiene fecha de firma"},"content":{"rendered":"<p><em><strong>El Gobierno y la guerrilla de las FARC realizar\u00e1n la firma protocolaria y definitiva al nuevo acuerdo de paz el pr\u00f3ximo jueves en Bogot\u00e1, la capital colombiana, para arrancar con el proceso de refrendaci\u00f3n en el Congreso y su posterior implementaci\u00f3n, informaron hoy fuentes oficiales<\/strong><\/em><\/p>\n<p>&nbsp;<\/p>\n<p>&nbsp;<\/p>\n<p>&nbsp;<\/p>\n<p>&nbsp;<\/p>\n<p>&nbsp;<\/p>\n<p>Las partes detallaron en un comunicado conjunto que la firma entre el presidente Juan Manuel Santos y el m\u00e1ximo l\u00edder de las Fuerzas Armadas Revolucionarias de Colombia (FARC), Rodrigo Londo\u00f1o, ser\u00e1 en el c\u00e9ntrico y tradicional Teatro Col\u00f3n.<\/p>\n<p>&nbsp;<\/p>\n<p>&#8220;Las delegaciones acordamos que el mecanismo de refrendaci\u00f3n de este acuerdo ser\u00e1 a trav\u00e9s del Congreso de la Rep\u00fablica y estamos precisando los procedimientos que se van a utilizar para este prop\u00f3sito&#8221;, detall\u00f3 el texto emitido por los representantes del Ejecutivo y la guerrilla tras una reuni\u00f3n en Bogot\u00e1.<\/p>\n<p>&nbsp;<\/p>\n<p>En tanto los representantes de la oposici\u00f3n rechazaron este lunes el nuevo pacto luego de un encuentro de m\u00e1s de seis horas con los delegados del gobierno. A su vez, pidieron reunirse con delegados de la guerrilla.<\/p>\n<p>&nbsp;<\/p>\n<p>&#8220;Insistimos esta noche en un acuerdo nacional para introducir unas modificaciones al acuerdo ajustado entre el Gobierno y la FARC. El Gobierno ha negado, esta noche, la posibilidad de este acuerdo nacional sobre temas sustanciales&#8221;, declar\u00f3 a periodistas el ex presidente \u00c1lvaro Uribe, f\u00e9rreo opositor a las conversaciones con el grupo rebelde.<\/p>\n<p>&nbsp;<\/p>\n<p>El ex mandatario y actual senador se reuni\u00f3, en compa\u00f1\u00eda de otros voceros del &#8220;No&#8221; al primer acuerdo alcanzado con las Fuerzas Armadas Revolucionarias de Colombia (FARC), rechazado el 2 de octubre en un plebiscito, con una delegaci\u00f3n del gobierno de Juan Manuel Santos que les explic\u00f3 el nuevo pacto alcanzado con los insurgentes el 12 de noviembre en Cuba, sede de las pl\u00e1ticas desde 2012.<\/p>\n<p>&nbsp;<\/p>\n<p>Los opositores afirmaron que si no se incluyen algunos de sus pedidos en lo sellado hace una semana, que el gobierno y las FARC han calificado de definitivo e inmodificable, lo acordado &#8220;es apenas un retoque del acuerdo rechazado por los ciudadanos&#8221;.<\/p>\n<p>&nbsp;<\/p>\n<p>Entre sus requerimientos expuestos este lunes al nuevo convenio est\u00e1 que no se permita la elegibilidad pol\u00edtica de responsables de delitos atroces mientras cumplen sus penas, eliminar el narcotr\u00e1fico como conexo al delito pol\u00edtico y que el acuerdo no entre a la Constituci\u00f3n, entre otros.<\/p>\n<p>&nbsp;<\/p>\n<p>&#8220;El gobierno nos ha dicho que estos temas no son revisables&#8221;, agreg\u00f3 Uribe, quien calific\u00f3 de &#8220;fundamental&#8221; la refrendaci\u00f3n popular de lo pactado o sobre &#8220;los puntos referidos de desacuerdo&#8221;. Tanto el gobierno como la guerrilla se han mostrado favorables a la implementaci\u00f3n del acuerdo a trav\u00e9s del Congreso, donde hay mayor\u00eda oficialista.<\/p>\n<p>&nbsp;<\/p>\n<p>&#8220;Tenemos toda la disposici\u00f3n de dialogar con el gobierno y las FARC sobre las modificaciones en los temas referidos. Para este di\u00e1logo proponemos aprovechar la presencia en Bogot\u00e1 de los l\u00edderes de las FARC&#8221;, que llegaron este lunes a la ciudad para preparar la firma de la paz, a\u00fan no definida, afirm\u00f3 el ex presidente.<\/p>\n<p>&nbsp;<\/p>\n<p>Por su parte, el jefe negociador del gobierno, Humberto de la Calle, que particip\u00f3 en la reuni\u00f3n, hizo un llamado de urgencia para implementar el nuevo acuerdo por la &#8220;fragilidad&#8221; del cese al fuego bilateral vigente desde agosto, que en su concepto se hizo &#8220;evidente&#8221; tras un suceso la semana pasada en el que murieron dos integrantes de las FARC en un presunto combate con el Ej\u00e9rcito en el norte del pa\u00eds.<\/p>\n<p>&nbsp;<\/p>\n<p>&#8220;El resultado fue un nuevo acuerdo con cambios, ajustes y precisiones de fondo en pr\u00e1cticamente todos los temas&#8221;, sostuvo De la Calle. Seg\u00fan el gobierno, lo convenido conlleva cambios en 56 de 57 puntos planteados por la oposici\u00f3n.<\/p>\n","protected":false},"excerpt":{"rendered":"<p>El Gobierno y la guerrilla de las FARC realizar\u00e1n la firma protocolaria y definitiva al nuevo acuerdo de paz el pr\u00f3ximo jueves en Bogot\u00e1, la capital colombiana, para arrancar con el proceso de refrendaci\u00f3n en el Congreso y su posterior implementaci\u00f3n, informaron hoy fuentes oficiales &nbsp; &nbsp; &nbsp; &nbsp; &nbsp; Las partes detallaron en un comunicado conjunto que la firma entre el presidente Juan Manuel Santos y el m\u00e1ximo l\u00edder de las Fuerzas Armadas Revolucionarias de Colombia (FARC), Rodrigo Londo\u00f1o, ser\u00e1 en el c\u00e9ntrico y tradicional Teatro Col\u00f3n. &nbsp; &#8220;Las&#8230;<\/p>\n","protected":false},"author":3,"featured_media":4955,"comment_status":"closed","ping_status":"closed","sticky":false,"template":"","format":"standard","meta":[],"categories":[4],"tags":[],"_links":{"self":[{"href":"https:\/\/www.actualidadadiario.com\/index.php\/wp-json\/wp\/v2\/posts\/4954"}],"collection":[{"href":"https:\/\/www.actualidadadiario.com\/index.php\/wp-json\/wp\/v2\/posts"}],"about":[{"href":"https:\/\/www.actualidadadiario.com\/index.php\/wp-json\/wp\/v2\/types\/post"}],"author":[{"embeddable":true,"href":"https:\/\/www.actualidadadiario.com\/index.php\/wp-json\/wp\/v2\/users\/3"}],"replies":[{"embeddable":true,"href":"https:\/\/www.actualidadadiario.com\/index.php\/wp-json\/wp\/v2\/comments?post=4954"}],"version-history":[{"count":1,"href":"https:\/\/www.actualidadadiario.com\/index.php\/wp-json\/wp\/v2\/posts\/4954\/revisions"}],"predecessor-version":[{"id":4956,"href":"https:\/\/www.actualidadadiario.com\/index.php\/wp-json\/wp\/v2\/posts\/4954\/revisions\/4956"}],"wp:featuredmedia":[{"embeddable":true,"href":"https:\/\/www.actualidadadiario.com\/index.php\/wp-json\/wp\/v2\/media\/4955"}],"wp:attachment":[{"href":"https:\/\/www.actualidadadiario.com\/index.php\/wp-json\/wp\/v2\/media?parent=4954"}],"wp:term":[{"taxonomy":"category","embeddable":true,"href":"https:\/\/www.actualidadadiario.com\/index.php\/wp-json\/wp\/v2\/categories?post=4954"},{"taxonomy":"post_tag","embeddable":true,"href":"https:\/\/www.actualidadadiario.com\/index.php\/wp-json\/wp\/v2\/tags?post=4954"}],"curies":[{"name":"wp","href":"https:\/\/api.w.org\/{rel}","templated":true}]}}