{"id":4948,"date":"2016-11-23T09:22:58","date_gmt":"2016-11-23T12:22:58","guid":{"rendered":"http:\/\/actualidadadiario.com\/site\/?p=4948"},"modified":"2016-11-23T09:22:58","modified_gmt":"2016-11-23T12:22:58","slug":"por-los-aumentos-de-precios-cada-vez-mas-pobres-asisten-a-comedores","status":"publish","type":"post","link":"https:\/\/www.actualidadadiario.com\/index.php\/2016\/11\/23\/por-los-aumentos-de-precios-cada-vez-mas-pobres-asisten-a-comedores\/","title":{"rendered":"Por los aumentos de precios, cada vez m\u00e1s pobres asisten a comedores"},"content":{"rendered":"<p><em><strong>Es por el descenso a la pobreza de m\u00e1s de 1,3 millones de argentinos, seg\u00fan datos de CEPA y el Instituto de Pensamiento y Pol\u00edticas P\u00fablicas. El titular de la Red Solidaria, Juan Carlos Carr, consider\u00f3 que &#8220;la comida est\u00e1 cara y los comedores salvan el d\u00eda a d\u00eda de muchas familias&#8221;<\/strong><\/em><\/p>\n<p>&nbsp;<\/p>\n<p>&nbsp;<\/p>\n<p>&nbsp;<\/p>\n<p>&nbsp;<\/p>\n<p>Seg\u00fan el Centro de Econom\u00eda Pol\u00edtica Argentina (CEPA) y el Instituto de Pensamiento y Pol\u00edticas P\u00fablicas (IPyPP), durante 2016 hubo &#8220;un marcado crecimiento de la desigualdad&#8221;, como as\u00ed tambi\u00e9n son pobres 1.3 de millones m\u00e1s de argentinos.<\/p>\n<p>&nbsp;<\/p>\n<p>Al opinar sobre el tema, Juan Carlos Carr -titular de la Red Solidaria-, afirm\u00f3 que cada vez &#8220;hay m\u00e1s pobres que asisten a comedores por el aumento de precios que impactan directamente en ellos&#8221;.<\/p>\n<p>&nbsp;<\/p>\n<p>En di\u00e1logo con radio 10, Carr asegur\u00f3\u00a0 que &#8220;posiblemente sobre la situaci\u00f3n de calle no hay aumento, pero la comida est\u00e1 cara y los comedores salvan el d\u00eda a d\u00eda de muchas familias&#8221;.<\/p>\n<p>&nbsp;<\/p>\n<p>Desde la Conferencia Industrial que se realiza en el Parque Norte, el director de Red Solidaria llam\u00f3 a los empresarios a rever los altos precios de los alimentos, y urgi\u00f3 a pensar &#8220;qu\u00e9 hacer con los precios de los alimentos, ah\u00ed hay una urgencia que hay que ver a corto plazo&#8221;.<\/p>\n","protected":false},"excerpt":{"rendered":"<p>Es por el descenso a la pobreza de m\u00e1s de 1,3 millones de argentinos, seg\u00fan datos de CEPA y el Instituto de Pensamiento y Pol\u00edticas P\u00fablicas. El titular de la Red Solidaria, Juan Carlos Carr, consider\u00f3 que &#8220;la comida est\u00e1 cara y los comedores salvan el d\u00eda a d\u00eda de muchas familias&#8221; &nbsp; &nbsp; &nbsp; &nbsp; Seg\u00fan el Centro de Econom\u00eda Pol\u00edtica Argentina (CEPA) y el Instituto de Pensamiento y Pol\u00edticas P\u00fablicas (IPyPP), durante 2016 hubo &#8220;un marcado crecimiento de la desigualdad&#8221;, como as\u00ed tambi\u00e9n son pobres 1.3 de millones&#8230;<\/p>\n","protected":false},"author":3,"featured_media":4949,"comment_status":"closed","ping_status":"closed","sticky":false,"template":"","format":"standard","meta":[],"categories":[9],"tags":[],"_links":{"self":[{"href":"https:\/\/www.actualidadadiario.com\/index.php\/wp-json\/wp\/v2\/posts\/4948"}],"collection":[{"href":"https:\/\/www.actualidadadiario.com\/index.php\/wp-json\/wp\/v2\/posts"}],"about":[{"href":"https:\/\/www.actualidadadiario.com\/index.php\/wp-json\/wp\/v2\/types\/post"}],"author":[{"embeddable":true,"href":"https:\/\/www.actualidadadiario.com\/index.php\/wp-json\/wp\/v2\/users\/3"}],"replies":[{"embeddable":true,"href":"https:\/\/www.actualidadadiario.com\/index.php\/wp-json\/wp\/v2\/comments?post=4948"}],"version-history":[{"count":1,"href":"https:\/\/www.actualidadadiario.com\/index.php\/wp-json\/wp\/v2\/posts\/4948\/revisions"}],"predecessor-version":[{"id":4950,"href":"https:\/\/www.actualidadadiario.com\/index.php\/wp-json\/wp\/v2\/posts\/4948\/revisions\/4950"}],"wp:featuredmedia":[{"embeddable":true,"href":"https:\/\/www.actualidadadiario.com\/index.php\/wp-json\/wp\/v2\/media\/4949"}],"wp:attachment":[{"href":"https:\/\/www.actualidadadiario.com\/index.php\/wp-json\/wp\/v2\/media?parent=4948"}],"wp:term":[{"taxonomy":"category","embeddable":true,"href":"https:\/\/www.actualidadadiario.com\/index.php\/wp-json\/wp\/v2\/categories?post=4948"},{"taxonomy":"post_tag","embeddable":true,"href":"https:\/\/www.actualidadadiario.com\/index.php\/wp-json\/wp\/v2\/tags?post=4948"}],"curies":[{"name":"wp","href":"https:\/\/api.w.org\/{rel}","templated":true}]}}