{"id":4939,"date":"2016-11-23T09:20:21","date_gmt":"2016-11-23T12:20:21","guid":{"rendered":"http:\/\/actualidadadiario.com\/site\/?p=4939"},"modified":"2016-11-23T09:20:21","modified_gmt":"2016-11-23T12:20:21","slug":"cayo-el-consumo-de-productos-nacionales-y-las-importaciones-ganaron-terreno","status":"publish","type":"post","link":"https:\/\/www.actualidadadiario.com\/index.php\/2016\/11\/23\/cayo-el-consumo-de-productos-nacionales-y-las-importaciones-ganaron-terreno\/","title":{"rendered":"Cay\u00f3 el consumo de productos nacionales y las importaciones ganaron terreno"},"content":{"rendered":"<p><em><strong>La baja fue del 8,8% en el tercer trimestre del a\u00f1o. Esa reducci\u00f3n muestra dos cosas: menor poder adquisitivo e ingreso de producci\u00f3n extranjero<\/strong><\/em><\/p>\n<p>&nbsp;<\/p>\n<p>&nbsp;<\/p>\n<p>&nbsp;<\/p>\n<p>&nbsp;<\/p>\n<p>&nbsp;<\/p>\n<p>El consumo de bienes industriales de fabricaci\u00f3n nacional cay\u00f3 8,8% y, al mismo tiempo, la importaciones aumentaron 3 puntos su participaci\u00f3n en el mercado interno durante el tercer trimestre del a\u00f1o. Esa combinaci\u00f3n, que golpe\u00f3 centralmente la producci\u00f3n de alimentos, autopartes y textiles, expresa una baja en el poder adquisitivo de la poblaci\u00f3n. Tambi\u00e9n muestra c\u00f3mo los productos importados ocuparon mercado que podr\u00edan tener las f\u00e1bricas locales.<\/p>\n<p>&nbsp;<\/p>\n<p>&#8220;No se trata de una ca\u00edda limitada a un conjunto de actividades sino que es generalizada. La demanda de algunos sectores que abastecen a la producci\u00f3n, como los laminados met\u00e1licos o los minerales no met\u00e1licos, exhibe ca\u00eddas de dos d\u00edgitos. La demanda de maquinaria y equipo de fabricaci\u00f3n nacional acumula una baja de casi 9 por ciento. Tambi\u00e9n es sorprendente la contracci\u00f3n acumulada del 9% en el consumo de alimentos y bebidas nacionales&#8221;, concluye el informe sobre desarrollo econ\u00f3mico elaborado por el \u00e1rea de Econom\u00eda de la Universidad Nacional de Quilmes (UNQ).<\/p>\n<p>&nbsp;<\/p>\n<p>Esos resultados tienen su correlato en cada empresa local. As\u00ed lo detallaron para El Destape tres empresarios que conducen f\u00e1bricas hace m\u00e1s de 50 a\u00f1os. Ambos sienten el impacto de la pol\u00edtica econ\u00f3mica que redujo sus producciones en torno al 40 por ciento.<\/p>\n<p>&nbsp;<\/p>\n<p>El due\u00f1o del Taller Baigorria, que produce bulones para autos y maquinaria agr\u00edcola, es Aldo Lorusso. Tiene 26 empleados y mantiene en funcionamiento la f\u00e1brica que su padre fund\u00f3 en 1958. Es uno de los empresarios que sobrevivi\u00f3 a la desindustrializaci\u00f3n de los noventa pero se sorprendi\u00f3 porque la ca\u00edda de ventas fue abrupta este a\u00f1o: &#8220;En marzo, el primer mes de actividad econ\u00f3mica, la baja fue del 20 o 25 por ciento. Nunca vi esto&#8221;.<\/p>\n<p>&nbsp;<\/p>\n<p>&#8220;En mi sector, las importaciones crecieron m\u00e1s del 60% este a\u00f1o y hubo una ca\u00edda de ventas al mercado interno de entre el 30 y 35 por ciento por cantidades. Al mismo tiempo estamos limitados en la suba de precios, subimos entre 10 y 12 por ciento. Eso significa que los pymes nos comemos los aumentos&#8221;, explic\u00f3 Lorusso, quien hasta ahora no realiz\u00f3 despidos pero la semana pr\u00f3xima comenzar\u00e1 a suspender personal.<\/p>\n<p>&nbsp;<\/p>\n<p>Pese a que el Gobierno anunci\u00f3 que se vendieron m\u00e1s maquinarias agr\u00edcolas, eso no repercuti\u00f3 en la actividad de Lorusso. &#8220;No hubo aumenta de demanda porque esos tractores y dem\u00e1s maquinaria para el campo llegaron desde Brasil. Vinieron completamente armadas&#8221;, se\u00f1al\u00f3 y complet\u00f3: &#8220;Produjeron una tormenta perfecta con el desmoronamiento del mercado interno y apertura de importaciones combinado con tasa de inter\u00e9s alta&#8221;.<\/p>\n<p>&nbsp;<\/p>\n<p>El mismo escenario negro observ\u00f3 el presidente de la Fundaci\u00f3n Protejer, que re\u00fane a toda la cadena de producci\u00f3n textil, Jorge Sorabilla. &#8220;El nivel de actividad del sector est\u00e1 un 30% abajo. Se import\u00f3 much\u00edsimo, se hizo stock de importaci\u00f3n y cay\u00f3 mucho el consumo y esto est\u00e1 afectando la producci\u00f3n nacional&#8221;, se\u00f1al\u00f3.<\/p>\n<p>&nbsp;<\/p>\n<p>&#8220;Lo que veo es que el Gobierno est\u00e1 tomando real conciencia del problema que gener\u00f3 la ca\u00edda en el nivel de actividad por la ca\u00edda del consumo. En esta pelea por bajar la inflaci\u00f3n enfriaron tanto la econom\u00eda que se perdi\u00f3 nivel de producci\u00f3n y consumo. En un esquema de falta de competitividad de la econom\u00eda argentina abrir la importaci\u00f3n termin\u00f3 de golpearnos. Eso atenta contra el empleo y el nivel de actividad&#8221;, agreg\u00f3 Sorabilla.<\/p>\n<p>&nbsp;<\/p>\n<p>El due\u00f1o de la textil Scalter, que produce telas no tejidas desde hace 50 a\u00f1os y tiene cien empleados a cargo, Ra\u00fal Hutin, describi\u00f3 esa ca\u00edda de la que habl\u00f3 Sorabilla: &#8220;La importaci\u00f3n de productos textiles creci\u00f3 20 por ciento en toneladas del a\u00f1o pasado a este pero la ca\u00edda del salario real es del 10 por ciento. Por lo tanto, el sector que menos cae, cae 30 por ciento&#8221;.<\/p>\n<p>&nbsp;<\/p>\n<p>&#8220;Lo estamos soportando en funci\u00f3n de que venimos con una mochila m\u00e1s o menos buena de la \u00e9poca de vacas gordas. Eso nos da cierto m\u00fasculo para aguantar. Sin embargo, hay que buscar una soluci\u00f3n para los costos estructurales, que no tienen que ver necesariamente con el salario sino con intereses bancarios, juicios laborales, transporte, impuestos. Eso hace inviable cualquier tipo de competitividad&#8221;, consider\u00f3.<\/p>\n<p>&nbsp;<\/p>\n<p>Pero Hutin dej\u00f3 en claro que la pol\u00edtica de reducci\u00f3n de costos no deber\u00eda atacar el poder adquisitivo ni afectar, como ocurre hoy, al mercado interno. &#8220;Cuando hablamos de competir tenemos que tener en claro contra qui\u00e9n \u00bfQueremos competir contra un pa\u00eds con salarios de 20 d\u00f3lares, con jornadas laborales de 14 horas seis d\u00edas por semana? Yo no quiero eso. Ese no es mi modelo industrial&#8221;, indic\u00f3.<\/p>\n","protected":false},"excerpt":{"rendered":"<p>La baja fue del 8,8% en el tercer trimestre del a\u00f1o. Esa reducci\u00f3n muestra dos cosas: menor poder adquisitivo e ingreso de producci\u00f3n extranjero &nbsp; &nbsp; &nbsp; &nbsp; &nbsp; El consumo de bienes industriales de fabricaci\u00f3n nacional cay\u00f3 8,8% y, al mismo tiempo, la importaciones aumentaron 3 puntos su participaci\u00f3n en el mercado interno durante el tercer trimestre del a\u00f1o. Esa combinaci\u00f3n, que golpe\u00f3 centralmente la producci\u00f3n de alimentos, autopartes y textiles, expresa una baja en el poder adquisitivo de la poblaci\u00f3n. Tambi\u00e9n muestra c\u00f3mo los productos importados ocuparon mercado&#8230;<\/p>\n","protected":false},"author":3,"featured_media":4940,"comment_status":"closed","ping_status":"closed","sticky":false,"template":"","format":"standard","meta":[],"categories":[2],"tags":[],"_links":{"self":[{"href":"https:\/\/www.actualidadadiario.com\/index.php\/wp-json\/wp\/v2\/posts\/4939"}],"collection":[{"href":"https:\/\/www.actualidadadiario.com\/index.php\/wp-json\/wp\/v2\/posts"}],"about":[{"href":"https:\/\/www.actualidadadiario.com\/index.php\/wp-json\/wp\/v2\/types\/post"}],"author":[{"embeddable":true,"href":"https:\/\/www.actualidadadiario.com\/index.php\/wp-json\/wp\/v2\/users\/3"}],"replies":[{"embeddable":true,"href":"https:\/\/www.actualidadadiario.com\/index.php\/wp-json\/wp\/v2\/comments?post=4939"}],"version-history":[{"count":1,"href":"https:\/\/www.actualidadadiario.com\/index.php\/wp-json\/wp\/v2\/posts\/4939\/revisions"}],"predecessor-version":[{"id":4941,"href":"https:\/\/www.actualidadadiario.com\/index.php\/wp-json\/wp\/v2\/posts\/4939\/revisions\/4941"}],"wp:featuredmedia":[{"embeddable":true,"href":"https:\/\/www.actualidadadiario.com\/index.php\/wp-json\/wp\/v2\/media\/4940"}],"wp:attachment":[{"href":"https:\/\/www.actualidadadiario.com\/index.php\/wp-json\/wp\/v2\/media?parent=4939"}],"wp:term":[{"taxonomy":"category","embeddable":true,"href":"https:\/\/www.actualidadadiario.com\/index.php\/wp-json\/wp\/v2\/categories?post=4939"},{"taxonomy":"post_tag","embeddable":true,"href":"https:\/\/www.actualidadadiario.com\/index.php\/wp-json\/wp\/v2\/tags?post=4939"}],"curies":[{"name":"wp","href":"https:\/\/api.w.org\/{rel}","templated":true}]}}