{"id":4933,"date":"2016-11-23T09:18:13","date_gmt":"2016-11-23T12:18:13","guid":{"rendered":"http:\/\/actualidadadiario.com\/site\/?p=4933"},"modified":"2016-11-23T09:18:13","modified_gmt":"2016-11-23T12:18:13","slug":"diputado-de-cambiemos-critica-que-la-inflacion-no-baja","status":"publish","type":"post","link":"https:\/\/www.actualidadadiario.com\/index.php\/2016\/11\/23\/diputado-de-cambiemos-critica-que-la-inflacion-no-baja\/","title":{"rendered":"Diputado de Cambiemos critica que &#8220;la inflaci\u00f3n no baja&#8221;"},"content":{"rendered":"<p><em><strong>Daniel Lipovetzky pidi\u00f3 que &#8220;el empresario explique por qu\u00e9 aumenta precios&#8221;<\/strong><\/em><\/p>\n<p>&nbsp;<\/p>\n<p>&nbsp;<\/p>\n<p>&nbsp;<\/p>\n<p>&nbsp;<\/p>\n<p>El diputado de Cambiemos Daniel Lipovetzky dijo que le preocupa el alza de precios, contrario a la posici\u00f3n del presidente del Banco Central, Federico Sturzenegger, quien asegura que la Argentina entr\u00f3 en un proceso de desinflaci\u00f3n.<\/p>\n<p>&nbsp;<\/p>\n<p>&#8220;Me preocupa la inflaci\u00f3n; tendr\u00edamos que tener la inflaci\u00f3n m\u00e1s baja. Me gustar\u00eda que explicasen los empresarios por qu\u00e9 en estos \u00faltimos dos meses han subido los precios cuando no hay ninguna justificaci\u00f3n desde las variables econ\u00f3micas&#8221;, dijo a FM Concepto. Y agreg\u00f3 que, &#8220;como dijo (el presidente Mauricio) Macri, la clave para crecer es bajar la inflaci\u00f3n&#8221;.<\/p>\n<p>&nbsp;<\/p>\n<p>&#8220;Hay ciertos sectores del empresariado que todav\u00eda hoy est\u00e1n pensando m\u00e1s como se pensaba en los \u00faltimos doce a\u00f1os y no como la Argentina actual&#8221;, opin\u00f3 Lipovetzky. De acuerdo al legislador nacional, esto ocurre &#8220;en toda la cadena de comercializaci\u00f3n, sobre todo desde los formadores de precios, necesitamos una explicaci\u00f3n al respecto&#8221;.<\/p>\n","protected":false},"excerpt":{"rendered":"<p>Daniel Lipovetzky pidi\u00f3 que &#8220;el empresario explique por qu\u00e9 aumenta precios&#8221; &nbsp; &nbsp; &nbsp; &nbsp; El diputado de Cambiemos Daniel Lipovetzky dijo que le preocupa el alza de precios, contrario a la posici\u00f3n del presidente del Banco Central, Federico Sturzenegger, quien asegura que la Argentina entr\u00f3 en un proceso de desinflaci\u00f3n. &nbsp; &#8220;Me preocupa la inflaci\u00f3n; tendr\u00edamos que tener la inflaci\u00f3n m\u00e1s baja. Me gustar\u00eda que explicasen los empresarios por qu\u00e9 en estos \u00faltimos dos meses han subido los precios cuando no hay ninguna justificaci\u00f3n desde las variables econ\u00f3micas&#8221;, dijo&#8230;<\/p>\n","protected":false},"author":3,"featured_media":4934,"comment_status":"closed","ping_status":"closed","sticky":false,"template":"","format":"standard","meta":[],"categories":[18],"tags":[],"_links":{"self":[{"href":"https:\/\/www.actualidadadiario.com\/index.php\/wp-json\/wp\/v2\/posts\/4933"}],"collection":[{"href":"https:\/\/www.actualidadadiario.com\/index.php\/wp-json\/wp\/v2\/posts"}],"about":[{"href":"https:\/\/www.actualidadadiario.com\/index.php\/wp-json\/wp\/v2\/types\/post"}],"author":[{"embeddable":true,"href":"https:\/\/www.actualidadadiario.com\/index.php\/wp-json\/wp\/v2\/users\/3"}],"replies":[{"embeddable":true,"href":"https:\/\/www.actualidadadiario.com\/index.php\/wp-json\/wp\/v2\/comments?post=4933"}],"version-history":[{"count":1,"href":"https:\/\/www.actualidadadiario.com\/index.php\/wp-json\/wp\/v2\/posts\/4933\/revisions"}],"predecessor-version":[{"id":4935,"href":"https:\/\/www.actualidadadiario.com\/index.php\/wp-json\/wp\/v2\/posts\/4933\/revisions\/4935"}],"wp:featuredmedia":[{"embeddable":true,"href":"https:\/\/www.actualidadadiario.com\/index.php\/wp-json\/wp\/v2\/media\/4934"}],"wp:attachment":[{"href":"https:\/\/www.actualidadadiario.com\/index.php\/wp-json\/wp\/v2\/media?parent=4933"}],"wp:term":[{"taxonomy":"category","embeddable":true,"href":"https:\/\/www.actualidadadiario.com\/index.php\/wp-json\/wp\/v2\/categories?post=4933"},{"taxonomy":"post_tag","embeddable":true,"href":"https:\/\/www.actualidadadiario.com\/index.php\/wp-json\/wp\/v2\/tags?post=4933"}],"curies":[{"name":"wp","href":"https:\/\/api.w.org\/{rel}","templated":true}]}}