{"id":4930,"date":"2016-11-23T09:17:32","date_gmt":"2016-11-23T12:17:32","guid":{"rendered":"http:\/\/actualidadadiario.com\/site\/?p=4930"},"modified":"2016-11-23T09:17:32","modified_gmt":"2016-11-23T12:17:32","slug":"cabrera-confeso-que-es-un-misterio-saber-cuando-arrancara-la-economia","status":"publish","type":"post","link":"https:\/\/www.actualidadadiario.com\/index.php\/2016\/11\/23\/cabrera-confeso-que-es-un-misterio-saber-cuando-arrancara-la-economia\/","title":{"rendered":"Cabrera confes\u00f3 que &#8220;es un misterio saber cu\u00e1ndo arrancar\u00e1 la econom\u00eda&#8221;"},"content":{"rendered":"<p><em><strong>Lo dijo el titular de la cartera de Producci\u00f3n. Seg\u00fan Cabrera, el Gobierno &#8220;hizo todos los deberes&#8221; para reactivar el mercado interno<\/strong><\/em><\/p>\n<p>&nbsp;<\/p>\n<p>&nbsp;<\/p>\n<p>&nbsp;<\/p>\n<p>&nbsp;<\/p>\n<p>&nbsp;<\/p>\n<p>El ministro de Producci\u00f3n, Francisco Cabrera, admiti\u00f3 que &#8220;es un misterio&#8221; saber cu\u00e1ndo &#8220;arrancar\u00e1&#8221; la econom\u00eda, si bien aclar\u00f3 que el Gobierno hizo &#8220;todos los deberes&#8221; para que ello ocurra. No obstante, vaticin\u00f3 que el pa\u00eds crecer\u00e1 &#8220;entre 4 y 5%&#8221; el a\u00f1o que viene.<\/p>\n<p>&nbsp;<\/p>\n<p>&#8220;\u00bfCu\u00e1ndo arranca la econom\u00eda? Bueno, es un misterio. Y un problema tambi\u00e9n. Hemos hecho los deberes desde la oferta y la demanda. Pero creo que esto tiene que ver con un proceso&#8221;, sostuvo el funcionario. Cabrera se expres\u00f3 as\u00ed en el marco del seminario &#8220;El rol de Am\u00e9rica Latina en el nuevo escenario internacional&#8221;, que organiz\u00f3 la consultora Abeceb.<\/p>\n<p>&nbsp;<\/p>\n<p>Ante funcionarios extranjeros, economistas y empresarios, el ministro evalu\u00f3 que la par\u00e1lisis del mercado interno se relaciona &#8220;con la actitud de mucha gente frente a la suba de precios&#8221;. &#8220;Eso impact\u00f3 en el salario y provoc\u00f3 una retracci\u00f3n del consumo, si bien ahora se est\u00e1 recuperando y confiamos en que la econom\u00eda crecer\u00e1 de 4 a 5% en 2017&#8221;, a\u00f1adi\u00f3.<\/p>\n<p>&nbsp;<\/p>\n<p>Seg\u00fan Cabrera, una incipiente recuperaci\u00f3n &#8220;se est\u00e1 viendo en el Interior del pa\u00eds, pero ese efecto todav\u00eda no leg\u00f3 al conurbano&#8221; bonaerense, la regi\u00f3n m\u00e1s poblada. El ministro coment\u00f3 que, en una primera etapa, el Gobierno se enfoc\u00f3 en &#8220;ordenar la macroeconom\u00eda, con el fin de garantizar el crecimiento&#8221;.<\/p>\n<p>&nbsp;<\/p>\n<p>&#8220;Ahora, estamos enfocados en la etapa de la productividad. Entendemos que lo que pas\u00f3 en la Argentina durante los \u00faltimos a\u00f1os fue soportar una alta volatilidad y una baja productividad&#8221;, enfatiz\u00f3. En esa l\u00ednea, indic\u00f3: &#8220;no queremos ser ni Australia, ni Chile. Queremos ser Argentina, un pa\u00eds que tiene un entramado productivo muy importante y muy sofisticado sobre el que tenemos que trabajar&#8221;.<\/p>\n<p>&nbsp;<\/p>\n<p>&#8220;Posiblemente, la Argentina sea el pa\u00eds m\u00e1s productivo y competitivo del mundo. Pero tenemos sectores sensibles que necesitan ayuda. Por eso, estamos evaluando una reforma de los costos laborales&#8221;, consider\u00f3 el ministro. Adem\u00e1s, resalt\u00f3 que el &#8220;posicionamiento&#8221; del Gobierno &#8220;en lo productivo es solucionar el problema de las pymes&#8221;, para impulsar el empleo en el sector privado registrado, que es apenas el 31% del total de la poblaci\u00f3n econ\u00f3micamente activa.<\/p>\n<p>&nbsp;<\/p>\n<p>&#8220;El tema de las pymes es fundamental. Necesitamos que crezca la masa de empleados formales y, para lograrlo, buscamos que las peque\u00f1as y medianas empresas se desarrollen&#8221;, subray\u00f3. El funcionario record\u00f3 que desde el Ministerio de la Producci\u00f3n &#8220;estamos ejecutando inversiones por 50 mil millones de d\u00f3lares, que crean solo 25 mil empleos. Por eso, entendemos que la soluci\u00f3n del mercado de trabajo no va por ah\u00ed&#8221;. &#8220;Pero esas inversiones generan un ecosistema de pymes, que s\u00ed son las grandes generadoras de empleo&#8221;, remarc\u00f3.<\/p>\n<p>&nbsp;<\/p>\n<p>Asimismo, Cabrera destac\u00f3: &#8220;Estamos haciendo un pa\u00eds normal. Y eso se mide con la integraci\u00f3n al mundo. Vemos, por ejemplo, que el Mercosur estuvo muy cerrado sobre s\u00ed mismo. Y por eso ahora hay que flexibilizarlo, con el fin de hacer acuerdos comerciales con el mundo&#8221;.<\/p>\n","protected":false},"excerpt":{"rendered":"<p>Lo dijo el titular de la cartera de Producci\u00f3n. Seg\u00fan Cabrera, el Gobierno &#8220;hizo todos los deberes&#8221; para reactivar el mercado interno &nbsp; &nbsp; &nbsp; &nbsp; &nbsp; El ministro de Producci\u00f3n, Francisco Cabrera, admiti\u00f3 que &#8220;es un misterio&#8221; saber cu\u00e1ndo &#8220;arrancar\u00e1&#8221; la econom\u00eda, si bien aclar\u00f3 que el Gobierno hizo &#8220;todos los deberes&#8221; para que ello ocurra. No obstante, vaticin\u00f3 que el pa\u00eds crecer\u00e1 &#8220;entre 4 y 5%&#8221; el a\u00f1o que viene. &nbsp; &#8220;\u00bfCu\u00e1ndo arranca la econom\u00eda? Bueno, es un misterio. Y un problema tambi\u00e9n. Hemos hecho los deberes desde&#8230;<\/p>\n","protected":false},"author":3,"featured_media":4931,"comment_status":"closed","ping_status":"closed","sticky":false,"template":"","format":"standard","meta":[],"categories":[9],"tags":[],"_links":{"self":[{"href":"https:\/\/www.actualidadadiario.com\/index.php\/wp-json\/wp\/v2\/posts\/4930"}],"collection":[{"href":"https:\/\/www.actualidadadiario.com\/index.php\/wp-json\/wp\/v2\/posts"}],"about":[{"href":"https:\/\/www.actualidadadiario.com\/index.php\/wp-json\/wp\/v2\/types\/post"}],"author":[{"embeddable":true,"href":"https:\/\/www.actualidadadiario.com\/index.php\/wp-json\/wp\/v2\/users\/3"}],"replies":[{"embeddable":true,"href":"https:\/\/www.actualidadadiario.com\/index.php\/wp-json\/wp\/v2\/comments?post=4930"}],"version-history":[{"count":1,"href":"https:\/\/www.actualidadadiario.com\/index.php\/wp-json\/wp\/v2\/posts\/4930\/revisions"}],"predecessor-version":[{"id":4932,"href":"https:\/\/www.actualidadadiario.com\/index.php\/wp-json\/wp\/v2\/posts\/4930\/revisions\/4932"}],"wp:featuredmedia":[{"embeddable":true,"href":"https:\/\/www.actualidadadiario.com\/index.php\/wp-json\/wp\/v2\/media\/4931"}],"wp:attachment":[{"href":"https:\/\/www.actualidadadiario.com\/index.php\/wp-json\/wp\/v2\/media?parent=4930"}],"wp:term":[{"taxonomy":"category","embeddable":true,"href":"https:\/\/www.actualidadadiario.com\/index.php\/wp-json\/wp\/v2\/categories?post=4930"},{"taxonomy":"post_tag","embeddable":true,"href":"https:\/\/www.actualidadadiario.com\/index.php\/wp-json\/wp\/v2\/tags?post=4930"}],"curies":[{"name":"wp","href":"https:\/\/api.w.org\/{rel}","templated":true}]}}