{"id":4925,"date":"2016-11-23T09:16:05","date_gmt":"2016-11-23T12:16:05","guid":{"rendered":"http:\/\/actualidadadiario.com\/site\/?p=4925"},"modified":"2016-11-23T09:16:05","modified_gmt":"2016-11-23T12:16:05","slug":"macri-que-vamos-a-recortar-esa-es-la-discusion-que-comienza-en-2017","status":"publish","type":"post","link":"https:\/\/www.actualidadadiario.com\/index.php\/2016\/11\/23\/macri-que-vamos-a-recortar-esa-es-la-discusion-que-comienza-en-2017\/","title":{"rendered":"Macri: &#8220;\u00bfQu\u00e9 vamos a recortar?, esa es la discusi\u00f3n que comienza en 2017&#8221;"},"content":{"rendered":"<p><em><strong>En el cierre de la Conferencia Anual de la Uni\u00f3n Industrial Argentina en Parque Norte, el Presidente asegur\u00f3 que el pa\u00eds necesita &#8220;fortaleza interior&#8221; y &#8220;equilibrio&#8221;<\/strong><\/em><\/p>\n<p>&nbsp;<\/p>\n<p>&nbsp;<\/p>\n<p>&nbsp;<\/p>\n<p>&nbsp;<\/p>\n<p>El presidente Mauricio Macri asegur\u00f3 que &#8220;la discusi\u00f3n que comienza en 2017&#8221; ser\u00e1 en torno a &#8220;qu\u00e9 vamos a recortar&#8221;. Al mismo tiempo, destac\u00f3 la necesidad de que el pa\u00eds tenga &#8220;fortaleza interior&#8221; y &#8220;equilibrio&#8221;.<\/p>\n<p>&nbsp;<\/p>\n<p>&#8220;Tambi\u00e9n hay que decir, aparte de ese diagn\u00f3stico que todos sabemos, qu\u00e9 vamos a recortar. Esa es la discusi\u00f3n que comienza en 2017&#8221;, sostuvo el jefe de Estado al cerrar la 22\u00b0 Conferencia Anual de la Uni\u00f3n Industrial Argentina (UIA) en Parque Norte.<\/p>\n<p>&nbsp;<\/p>\n<p>Macri destac\u00f3 que &#8220;necesitamos fortaleza interior, necesitamos no estar sujetos a los cambios que sucedan en el mundo&#8221; y agreg\u00f3 que &#8220;la \u00fanica manera es estar equilibrados&#8221;.<\/p>\n<p>&nbsp;<\/p>\n<p>Adem\u00e1s, insisti\u00f3 en reclamar a los empresarios que eval\u00faen su gobierno en la capacidad que tenga de reducir &#8220;el flagelo&#8221; de la pobreza. &#8220;M\u00e1s de 42% de los argentinos est\u00e1 en la pobreza. Vamos a canalizar la bronca en trabajar juntos para ir reduciendo este flagelo y es por lo cual les pido que eval\u00faen mi gobierno&#8221;, dijo Macri al cierre de la Conferencia Industrial Argentina en Parque Norte.<\/p>\n<p>&nbsp;<\/p>\n<p>Por otra parte, convoc\u00f3 a los sindicatos a &#8220;defender los puestos de trabajo y crear nuevos&#8221; empleos. &#8220;La tremenda innovaci\u00f3n tecnol\u00f3gica nos cruza a pesar de que nos cerremos&#8221;, se\u00f1al\u00f3 Macri, quien dijo que en el pa\u00eds se sigue &#8220;con convenios laborales del siglo XX&#8221;. Al cierre de la Conferencia Anual Industrial, el primer mandatario convoc\u00f3 a los sindicatos &#8220;para defender los trabajos y crear nuevos, con coraje, porque somos gente que queremos crear trabajo&#8221;.<\/p>\n","protected":false},"excerpt":{"rendered":"<p>En el cierre de la Conferencia Anual de la Uni\u00f3n Industrial Argentina en Parque Norte, el Presidente asegur\u00f3 que el pa\u00eds necesita &#8220;fortaleza interior&#8221; y &#8220;equilibrio&#8221; &nbsp; &nbsp; &nbsp; &nbsp; El presidente Mauricio Macri asegur\u00f3 que &#8220;la discusi\u00f3n que comienza en 2017&#8221; ser\u00e1 en torno a &#8220;qu\u00e9 vamos a recortar&#8221;. Al mismo tiempo, destac\u00f3 la necesidad de que el pa\u00eds tenga &#8220;fortaleza interior&#8221; y &#8220;equilibrio&#8221;. &nbsp; &#8220;Tambi\u00e9n hay que decir, aparte de ese diagn\u00f3stico que todos sabemos, qu\u00e9 vamos a recortar. Esa es la discusi\u00f3n que comienza en 2017&#8221;, sostuvo&#8230;<\/p>\n","protected":false},"author":3,"featured_media":4926,"comment_status":"closed","ping_status":"closed","sticky":false,"template":"","format":"standard","meta":[],"categories":[9],"tags":[],"_links":{"self":[{"href":"https:\/\/www.actualidadadiario.com\/index.php\/wp-json\/wp\/v2\/posts\/4925"}],"collection":[{"href":"https:\/\/www.actualidadadiario.com\/index.php\/wp-json\/wp\/v2\/posts"}],"about":[{"href":"https:\/\/www.actualidadadiario.com\/index.php\/wp-json\/wp\/v2\/types\/post"}],"author":[{"embeddable":true,"href":"https:\/\/www.actualidadadiario.com\/index.php\/wp-json\/wp\/v2\/users\/3"}],"replies":[{"embeddable":true,"href":"https:\/\/www.actualidadadiario.com\/index.php\/wp-json\/wp\/v2\/comments?post=4925"}],"version-history":[{"count":1,"href":"https:\/\/www.actualidadadiario.com\/index.php\/wp-json\/wp\/v2\/posts\/4925\/revisions"}],"predecessor-version":[{"id":4927,"href":"https:\/\/www.actualidadadiario.com\/index.php\/wp-json\/wp\/v2\/posts\/4925\/revisions\/4927"}],"wp:featuredmedia":[{"embeddable":true,"href":"https:\/\/www.actualidadadiario.com\/index.php\/wp-json\/wp\/v2\/media\/4926"}],"wp:attachment":[{"href":"https:\/\/www.actualidadadiario.com\/index.php\/wp-json\/wp\/v2\/media?parent=4925"}],"wp:term":[{"taxonomy":"category","embeddable":true,"href":"https:\/\/www.actualidadadiario.com\/index.php\/wp-json\/wp\/v2\/categories?post=4925"},{"taxonomy":"post_tag","embeddable":true,"href":"https:\/\/www.actualidadadiario.com\/index.php\/wp-json\/wp\/v2\/tags?post=4925"}],"curies":[{"name":"wp","href":"https:\/\/api.w.org\/{rel}","templated":true}]}}