{"id":4916,"date":"2016-11-23T09:13:25","date_gmt":"2016-11-23T12:13:25","guid":{"rendered":"http:\/\/actualidadadiario.com\/site\/?p=4916"},"modified":"2016-11-23T09:13:25","modified_gmt":"2016-11-23T12:13:25","slug":"el-presupuesto-2017-obtuvo-dictamen-y-sera-tratado-la-proxima-semana-en-el-senado","status":"publish","type":"post","link":"https:\/\/www.actualidadadiario.com\/index.php\/2016\/11\/23\/el-presupuesto-2017-obtuvo-dictamen-y-sera-tratado-la-proxima-semana-en-el-senado\/","title":{"rendered":"El Presupuesto 2017 obtuvo dictamen y ser\u00e1 tratado la pr\u00f3xima semana en el Senado"},"content":{"rendered":"<p><em><strong>El proyecto de Ley de Presupuesto 2017 y la iniciativa que limita el uso de los &#8220;superpoderes&#8221; para la redistribuci\u00f3n de partidas presupuestarias por la Jefatura de Gabinete obtuvieron dictamen de mayor\u00eda en la Comisi\u00f3n de Presupuesto y Hacienda del Senado, y ser\u00e1n debatidas en el recinto el mi\u00e9rcoles 30 de noviembre<\/strong><\/em><\/p>\n<p>&nbsp;<\/p>\n<p>&nbsp;<\/p>\n<p>&nbsp;<\/p>\n<p>&nbsp;<\/p>\n<p>&nbsp;<\/p>\n<p>&nbsp;<\/p>\n<p>Ambas iniciativas obtuvieron dictamen tras la reuni\u00f3n en la que el ministro de Transporte, Guillermo Dietrich, explicit\u00f3 los proyectos del \u00e1rea que maneja.<\/p>\n<p>&nbsp;<\/p>\n<p>El proyecto de Presupuesto 2017 ya cuenta con media sanci\u00f3n de C\u00e1mara de Diputados y la agenda legislativa contempla que el Senado lo trate en el recinto el mi\u00e9rcoles 30 de noviembre, durante la \u00faltima reuni\u00f3n del cuerpo del actual per\u00edodo ordinario.<\/p>\n<p>&nbsp;<\/p>\n<p>&nbsp;<\/p>\n<p>El pr\u00f3ximo martes, la Comisi\u00f3n de Presupuesto y Hacienda tambi\u00e9n pondr\u00e1 a discusi\u00f3n un proyecto que busca implementar reformas en la Ley de Administraci\u00f3n Financiera, que limita las partidas presupuestarias que pueden ser reasignadas por el jefe de Gabinete de Ministros conocido como &#8220;superpoderes&#8221;.<\/p>\n","protected":false},"excerpt":{"rendered":"<p>El proyecto de Ley de Presupuesto 2017 y la iniciativa que limita el uso de los &#8220;superpoderes&#8221; para la redistribuci\u00f3n de partidas presupuestarias por la Jefatura de Gabinete obtuvieron dictamen de mayor\u00eda en la Comisi\u00f3n de Presupuesto y Hacienda del Senado, y ser\u00e1n debatidas en el recinto el mi\u00e9rcoles 30 de noviembre &nbsp; &nbsp; &nbsp; &nbsp; &nbsp; &nbsp; Ambas iniciativas obtuvieron dictamen tras la reuni\u00f3n en la que el ministro de Transporte, Guillermo Dietrich, explicit\u00f3 los proyectos del \u00e1rea que maneja. &nbsp; El proyecto de Presupuesto 2017 ya cuenta con&#8230;<\/p>\n","protected":false},"author":3,"featured_media":4917,"comment_status":"closed","ping_status":"closed","sticky":false,"template":"","format":"standard","meta":[],"categories":[18],"tags":[],"_links":{"self":[{"href":"https:\/\/www.actualidadadiario.com\/index.php\/wp-json\/wp\/v2\/posts\/4916"}],"collection":[{"href":"https:\/\/www.actualidadadiario.com\/index.php\/wp-json\/wp\/v2\/posts"}],"about":[{"href":"https:\/\/www.actualidadadiario.com\/index.php\/wp-json\/wp\/v2\/types\/post"}],"author":[{"embeddable":true,"href":"https:\/\/www.actualidadadiario.com\/index.php\/wp-json\/wp\/v2\/users\/3"}],"replies":[{"embeddable":true,"href":"https:\/\/www.actualidadadiario.com\/index.php\/wp-json\/wp\/v2\/comments?post=4916"}],"version-history":[{"count":1,"href":"https:\/\/www.actualidadadiario.com\/index.php\/wp-json\/wp\/v2\/posts\/4916\/revisions"}],"predecessor-version":[{"id":4918,"href":"https:\/\/www.actualidadadiario.com\/index.php\/wp-json\/wp\/v2\/posts\/4916\/revisions\/4918"}],"wp:featuredmedia":[{"embeddable":true,"href":"https:\/\/www.actualidadadiario.com\/index.php\/wp-json\/wp\/v2\/media\/4917"}],"wp:attachment":[{"href":"https:\/\/www.actualidadadiario.com\/index.php\/wp-json\/wp\/v2\/media?parent=4916"}],"wp:term":[{"taxonomy":"category","embeddable":true,"href":"https:\/\/www.actualidadadiario.com\/index.php\/wp-json\/wp\/v2\/categories?post=4916"},{"taxonomy":"post_tag","embeddable":true,"href":"https:\/\/www.actualidadadiario.com\/index.php\/wp-json\/wp\/v2\/tags?post=4916"}],"curies":[{"name":"wp","href":"https:\/\/api.w.org\/{rel}","templated":true}]}}