{"id":4907,"date":"2016-11-22T10:30:54","date_gmt":"2016-11-22T13:30:54","guid":{"rendered":"http:\/\/actualidadadiario.com\/site\/?p=4907"},"modified":"2016-11-22T10:30:54","modified_gmt":"2016-11-22T13:30:54","slug":"cancilleria-desclasificara-documentos-diplomaticos-de-la-dictadura","status":"publish","type":"post","link":"https:\/\/www.actualidadadiario.com\/index.php\/2016\/11\/22\/cancilleria-desclasificara-documentos-diplomaticos-de-la-dictadura\/","title":{"rendered":"Canciller\u00eda desclasificar\u00e1 documentos diplom\u00e1ticos de la dictadura"},"content":{"rendered":"<p><em><strong>Los documentos son de entre 1966 a 1979 para que los familiares de los muertos y desaparecidos de la \u00e9poca puedan tener pistas sobre esos cr\u00edmenes<\/strong><\/em><\/p>\n<p>&nbsp;<\/p>\n<p>&nbsp;<\/p>\n<p>&nbsp;<\/p>\n<p>&nbsp;<\/p>\n<p>&nbsp;<\/p>\n<p>La canciller\u00eda de Bolivia anunci\u00f3 la desclasificaci\u00f3n de los documentos diplom\u00e1ticos de las dictaduras del pa\u00eds de 1966 a 1979 para que los familiares de los muertos y desaparecidos de la \u00e9poca puedan tener pistas sobre esos cr\u00edmenes.<\/p>\n<p>&nbsp;<\/p>\n<p>El ministro boliviano de Exteriores, David Choquehuanca, dijo en un acto que tom\u00f3 esa decisi\u00f3n para &#8220;recuperar la memoria hist\u00f3rica de los acontecimientos suscitados en el per\u00edodo de las dictaduras&#8221; y develar c\u00f3mo actuaban los diplom\u00e1ticos de entonces.<\/p>\n<p>&nbsp;<\/p>\n<p>Agreg\u00f3 que las nuevas generaciones deben saber c\u00f3mo fueron los tiempos de la dictadura y que es necesario reescribir la historia y desnudar &#8220;el m\u00e9todo de la masacre que fue utilizado sistem\u00e1ticamente para imponer y dominar a los pueblos de nuestra regi\u00f3n&#8221;.<\/p>\n<p>&nbsp;<\/p>\n<p>Una dirigente de la Asociaci\u00f3n de familiares de detenidos y desaparecidos m\u00e1rtires por la liberaci\u00f3n nacional (Asofamd), Ruth Llanos, espera que, a partir del acceso a los documentos confidenciales, se pueda concretar el &#8220;derecho a la verdad, porque sin verdad no hay memoria, ni justicia&#8221;.<\/p>\n<p>&nbsp;<\/p>\n<p>Los archivos abarcan sobre todo las acciones diplom\u00e1ticas del gobierno dictatorial de Hugo Banzer Su\u00e1rez (1971-1978), parte del Plan C\u00f3ndor, una operaci\u00f3n coordinada por militares de los pa\u00edses del Cono Sur para eliminar a los dirigentes de izquierda.<\/p>\n","protected":false},"excerpt":{"rendered":"<p>Los documentos son de entre 1966 a 1979 para que los familiares de los muertos y desaparecidos de la \u00e9poca puedan tener pistas sobre esos cr\u00edmenes &nbsp; &nbsp; &nbsp; &nbsp; &nbsp; La canciller\u00eda de Bolivia anunci\u00f3 la desclasificaci\u00f3n de los documentos diplom\u00e1ticos de las dictaduras del pa\u00eds de 1966 a 1979 para que los familiares de los muertos y desaparecidos de la \u00e9poca puedan tener pistas sobre esos cr\u00edmenes. &nbsp; El ministro boliviano de Exteriores, David Choquehuanca, dijo en un acto que tom\u00f3 esa decisi\u00f3n para &#8220;recuperar la memoria hist\u00f3rica&#8230;<\/p>\n","protected":false},"author":3,"featured_media":4908,"comment_status":"closed","ping_status":"closed","sticky":false,"template":"","format":"standard","meta":[],"categories":[4],"tags":[],"_links":{"self":[{"href":"https:\/\/www.actualidadadiario.com\/index.php\/wp-json\/wp\/v2\/posts\/4907"}],"collection":[{"href":"https:\/\/www.actualidadadiario.com\/index.php\/wp-json\/wp\/v2\/posts"}],"about":[{"href":"https:\/\/www.actualidadadiario.com\/index.php\/wp-json\/wp\/v2\/types\/post"}],"author":[{"embeddable":true,"href":"https:\/\/www.actualidadadiario.com\/index.php\/wp-json\/wp\/v2\/users\/3"}],"replies":[{"embeddable":true,"href":"https:\/\/www.actualidadadiario.com\/index.php\/wp-json\/wp\/v2\/comments?post=4907"}],"version-history":[{"count":1,"href":"https:\/\/www.actualidadadiario.com\/index.php\/wp-json\/wp\/v2\/posts\/4907\/revisions"}],"predecessor-version":[{"id":4909,"href":"https:\/\/www.actualidadadiario.com\/index.php\/wp-json\/wp\/v2\/posts\/4907\/revisions\/4909"}],"wp:featuredmedia":[{"embeddable":true,"href":"https:\/\/www.actualidadadiario.com\/index.php\/wp-json\/wp\/v2\/media\/4908"}],"wp:attachment":[{"href":"https:\/\/www.actualidadadiario.com\/index.php\/wp-json\/wp\/v2\/media?parent=4907"}],"wp:term":[{"taxonomy":"category","embeddable":true,"href":"https:\/\/www.actualidadadiario.com\/index.php\/wp-json\/wp\/v2\/categories?post=4907"},{"taxonomy":"post_tag","embeddable":true,"href":"https:\/\/www.actualidadadiario.com\/index.php\/wp-json\/wp\/v2\/tags?post=4907"}],"curies":[{"name":"wp","href":"https:\/\/api.w.org\/{rel}","templated":true}]}}