{"id":4904,"date":"2016-11-22T10:27:00","date_gmt":"2016-11-22T13:27:00","guid":{"rendered":"http:\/\/actualidadadiario.com\/site\/?p=4904"},"modified":"2016-11-22T10:27:00","modified_gmt":"2016-11-22T13:27:00","slug":"habra-una-audiencia-en-el-senado-por-la-ley-de-agroquimicos","status":"publish","type":"post","link":"https:\/\/www.actualidadadiario.com\/index.php\/2016\/11\/22\/habra-una-audiencia-en-el-senado-por-la-ley-de-agroquimicos\/","title":{"rendered":"Habr\u00e1 una audiencia en el Senado por la ley de agroqu\u00edmicos"},"content":{"rendered":"<p><em><strong>Este mi\u00e9rcoles, a las 16, habr\u00e1 una audiencia p\u00fablica en el Senado por \u201cfitosanitarios\u201d, seg\u00fan se inform\u00f3. Como se recordar\u00e1, una bicameral legislativa trabaja en un proyecto de ley consensuado sobre el tema, atento a las diferencias que surgen a momento del debate, con claras posiciones encontradas entre sectores productivos y ambientales<\/strong><\/em><\/p>\n<p>&nbsp;<\/p>\n<p>&nbsp;<\/p>\n<p>&nbsp;<\/p>\n<p>&nbsp;<\/p>\n<p>&nbsp;<\/p>\n<p>En la \u00faltima reuni\u00f3n que se realiz\u00f3 sobre este propuesta, el senador Lucas Larrarte (FpV-San Salvador) hab\u00eda marcado como un paso ineludible en la construcci\u00f3n de consensos que \u201cse tiene que recibir a los ambientalistas interesados en realizar aportes sobre el tema\u201d, lo que fue aceptado por todos sus pares. La diputada Gabriela Lena (Cambiemos-Chajar\u00ed), por su parte, agreg\u00f3 al debate el tema de la producci\u00f3n de productos org\u00e1nicos, con el objeto de dar cobertura a quienes realizan ese tipo de producciones.<\/p>\n<p>&nbsp;<\/p>\n<p>&nbsp;<\/p>\n<p>&nbsp;<\/p>\n<p>La Legislatura dio impulso a este proyecto en base a otro, ingresado en esa C\u00e1mara, que promueve la adhesi\u00f3n de la provincia a Ley Nacional 27.279, por la que se establecen los presupuestos m\u00ednimos de protecci\u00f3n ambiental para la gesti\u00f3n de los envases vac\u00edos de fitosanitarios. Esta propuesta, que tom\u00f3 estado parlamentario a mediados de octubre, sirvi\u00f3 como lanzador de una discusi\u00f3n m\u00e1s profunda y se gener\u00f3 un proyecto de ley de agroqu\u00edmicos.<\/p>\n<p>&nbsp;<\/p>\n<p>Este fin de semana, el senador \u00c1ngel Giano (FpV-Concordia) hab\u00eda adelantado que la nueva ley que regular\u00eda el uso de agrot\u00f3xicos en la provincia ya tiene texto definido, pero que esperan un debate m\u00e1s amplio para poder en todo caso cerrar un proyecto final. Por ello mismo habr\u00e1 pronto una exposici\u00f3n en el Senado, donde la idea es discutir los nuevos lineamientos con entidades relacionadas a la problem\u00e1tica.<\/p>\n<p>&nbsp;<\/p>\n<p>&nbsp;<\/p>\n<p>&nbsp;<\/p>\n<p>\u201cDefinimos un texto que fue tratado en la Comisi\u00f3n Bicameral y en la de Producci\u00f3n del Senado. Vamos a realizar una jornada los primeros d\u00edas de diciembre, con el objeto de presentar el proyecto definitivo\u201d se\u00f1al\u00f3 Giano, quien explic\u00f3 que la iniciativa fue delineada de forma conjunta con el INTA y la Mesa de Enlace: \u201cSabemos que va a tener un inter\u00e9s por parte de asamble\u00edstas, por lo que no se descartan modificaciones antes de que sea tratado en la C\u00e1mara de Diputados. De igual modo el trabajo que nos hab\u00edamos propuesto, que era coincidir en un texto en ambas c\u00e1maras ya est\u00e1 hecho\u201d.<\/p>\n","protected":false},"excerpt":{"rendered":"<p>Este mi\u00e9rcoles, a las 16, habr\u00e1 una audiencia p\u00fablica en el Senado por \u201cfitosanitarios\u201d, seg\u00fan se inform\u00f3. Como se recordar\u00e1, una bicameral legislativa trabaja en un proyecto de ley consensuado sobre el tema, atento a las diferencias que surgen a momento del debate, con claras posiciones encontradas entre sectores productivos y ambientales &nbsp; &nbsp; &nbsp; &nbsp; &nbsp; En la \u00faltima reuni\u00f3n que se realiz\u00f3 sobre este propuesta, el senador Lucas Larrarte (FpV-San Salvador) hab\u00eda marcado como un paso ineludible en la construcci\u00f3n de consensos que \u201cse tiene que recibir a&#8230;<\/p>\n","protected":false},"author":3,"featured_media":4905,"comment_status":"closed","ping_status":"closed","sticky":false,"template":"","format":"standard","meta":[],"categories":[15],"tags":[],"_links":{"self":[{"href":"https:\/\/www.actualidadadiario.com\/index.php\/wp-json\/wp\/v2\/posts\/4904"}],"collection":[{"href":"https:\/\/www.actualidadadiario.com\/index.php\/wp-json\/wp\/v2\/posts"}],"about":[{"href":"https:\/\/www.actualidadadiario.com\/index.php\/wp-json\/wp\/v2\/types\/post"}],"author":[{"embeddable":true,"href":"https:\/\/www.actualidadadiario.com\/index.php\/wp-json\/wp\/v2\/users\/3"}],"replies":[{"embeddable":true,"href":"https:\/\/www.actualidadadiario.com\/index.php\/wp-json\/wp\/v2\/comments?post=4904"}],"version-history":[{"count":1,"href":"https:\/\/www.actualidadadiario.com\/index.php\/wp-json\/wp\/v2\/posts\/4904\/revisions"}],"predecessor-version":[{"id":4906,"href":"https:\/\/www.actualidadadiario.com\/index.php\/wp-json\/wp\/v2\/posts\/4904\/revisions\/4906"}],"wp:featuredmedia":[{"embeddable":true,"href":"https:\/\/www.actualidadadiario.com\/index.php\/wp-json\/wp\/v2\/media\/4905"}],"wp:attachment":[{"href":"https:\/\/www.actualidadadiario.com\/index.php\/wp-json\/wp\/v2\/media?parent=4904"}],"wp:term":[{"taxonomy":"category","embeddable":true,"href":"https:\/\/www.actualidadadiario.com\/index.php\/wp-json\/wp\/v2\/categories?post=4904"},{"taxonomy":"post_tag","embeddable":true,"href":"https:\/\/www.actualidadadiario.com\/index.php\/wp-json\/wp\/v2\/tags?post=4904"}],"curies":[{"name":"wp","href":"https:\/\/api.w.org\/{rel}","templated":true}]}}