{"id":4901,"date":"2016-11-22T10:23:55","date_gmt":"2016-11-22T13:23:55","guid":{"rendered":"http:\/\/actualidadadiario.com\/site\/?p=4901"},"modified":"2016-11-22T10:23:55","modified_gmt":"2016-11-22T13:23:55","slug":"bullrich-llega-a-parana-para-hablar-de-narcotrafico","status":"publish","type":"post","link":"https:\/\/www.actualidadadiario.com\/index.php\/2016\/11\/22\/bullrich-llega-a-parana-para-hablar-de-narcotrafico\/","title":{"rendered":"Bullrich llega a Paran\u00e1 para hablar de narcotr\u00e1fico"},"content":{"rendered":"<p><em><strong>Con la presencia de la ministra de Seguridad de la Naci\u00f3n, Patricia Bullrich, se realizar\u00e1 en Paran\u00e1 este jueves el \u201c1\u00ba Congreso de Lucha contra el Narcotr\u00e1fico y Precursores Qu\u00edmicos \u2013 Regi\u00f3n Centro\u201d. La jornada es organizada por la cartera que dirige la funcionaria nacional y la Subsecretaria de Lucha Contra el Narcotr\u00e1fico, y surgi\u00f3 a partir de una solicitud de la diputada provincial Ayelen Acosta (Cambiemos-Paran\u00e1)<\/strong><\/em><\/p>\n<p>&nbsp;<\/p>\n<p>&nbsp;<\/p>\n<p>&nbsp;<\/p>\n<p>&nbsp;<\/p>\n<p>&nbsp;<\/p>\n<p>En el congreso se expondr\u00e1 sobre el panorama nacional y de las provincias de la Regi\u00f3n Centro, con el objetivo de elaborar y firmar un Convenio de cooperaci\u00f3n entre las autoridades intervinientes (Naci\u00f3n \u2013 Regi\u00f3n Centro). Al finalizar el c\u00f3nclave, habr\u00e1 una capacitaci\u00f3n sobre Precursores Qu\u00edmicos destinada a las Fuerzas de Seguridad.<\/p>\n<p>&nbsp;<\/p>\n<p>Tambi\u00e9n estar\u00e1n presentes el\u00a0 Subsecretario de Lucha contra el Narcotr\u00e1fico del Min. De Seguridad de la Naci\u00f3n, Martin Verrier; la vicepresidente, Gabriela Michetti; representantes del gobierno de las provincias de C\u00f3rdoba, Santa Fe y Entre R\u00edos; Legisladores Nacionales y Provinciales de estas provincias; Intendentes; Fuerzas de Seguridad y funcionarios del Poder Judicial de la Naci\u00f3n con competencia en la tem\u00e1tica del narcotr\u00e1fico.<\/p>\n<p>&nbsp;<\/p>\n<p>\u201cEste Congreso es parte de una campa\u00f1a de concientizaci\u00f3n de lo que son los precursores qu\u00edmicos, su uso y la gravedad de su desv\u00edo. Uno de los mayores problemas que tenemos frente al narcotr\u00e1fico es el desv\u00edo de \u00e9stos. Estas sustancias son la base de procesos de fabricaci\u00f3n de coca\u00edna y drogas sint\u00e9ticas, pero a la vez son sumamente importantes en nuestra vida cotidiana, ya que integran innumerables productos esenciales y necesarios en el mundo actual. Es necesario remarcar y tener en claro que sin el desv\u00edo de precursores qu\u00edmicos no hay narcotr\u00e1fico. Es importante que nuestra provincia lleve a cabo estas campa\u00f1as de sensibilizaci\u00f3n, que se genere el debate, que se discuta qu\u00e9 Argentina queremos\u201d, explic\u00f3 Acosta.<\/p>\n<p>&nbsp;<\/p>\n<p>\u201cEste flagelo ataca directamente a los j\u00f3venes, debemos hacernos cargo como sociedad, a trav\u00e9s de la educaci\u00f3n y de una decisi\u00f3n firme de los gobiernos de no mirar para otro lado, es que Juntos construiremos un futuro mejor para La Argentina y nuestras provincias\u201d, afirm\u00f3 la diputada.<\/p>\n<p>&nbsp;<\/p>\n<p>En los fundamentos de la iniciativa que impuls\u00f3 Acosta, se advierte que la regi\u00f3n centro \u201ces una zona neur\u00e1lgica, con grandes conglomerados urbanos y una vasta densidad poblacional. A su vez, al tratarse de una grave problem\u00e1tica, resulta de m\u00e1ximo inter\u00e9s e importancia abordar la tem\u00e1tica de lucha contra el narcotr\u00e1fico de manera unificada\u201d.<\/p>\n","protected":false},"excerpt":{"rendered":"<p>Con la presencia de la ministra de Seguridad de la Naci\u00f3n, Patricia Bullrich, se realizar\u00e1 en Paran\u00e1 este jueves el \u201c1\u00ba Congreso de Lucha contra el Narcotr\u00e1fico y Precursores Qu\u00edmicos \u2013 Regi\u00f3n Centro\u201d. La jornada es organizada por la cartera que dirige la funcionaria nacional y la Subsecretaria de Lucha Contra el Narcotr\u00e1fico, y surgi\u00f3 a partir de una solicitud de la diputada provincial Ayelen Acosta (Cambiemos-Paran\u00e1) &nbsp; &nbsp; &nbsp; &nbsp; &nbsp; En el congreso se expondr\u00e1 sobre el panorama nacional y de las provincias de la Regi\u00f3n Centro, con&#8230;<\/p>\n","protected":false},"author":3,"featured_media":4902,"comment_status":"closed","ping_status":"closed","sticky":false,"template":"","format":"standard","meta":[],"categories":[15],"tags":[],"_links":{"self":[{"href":"https:\/\/www.actualidadadiario.com\/index.php\/wp-json\/wp\/v2\/posts\/4901"}],"collection":[{"href":"https:\/\/www.actualidadadiario.com\/index.php\/wp-json\/wp\/v2\/posts"}],"about":[{"href":"https:\/\/www.actualidadadiario.com\/index.php\/wp-json\/wp\/v2\/types\/post"}],"author":[{"embeddable":true,"href":"https:\/\/www.actualidadadiario.com\/index.php\/wp-json\/wp\/v2\/users\/3"}],"replies":[{"embeddable":true,"href":"https:\/\/www.actualidadadiario.com\/index.php\/wp-json\/wp\/v2\/comments?post=4901"}],"version-history":[{"count":1,"href":"https:\/\/www.actualidadadiario.com\/index.php\/wp-json\/wp\/v2\/posts\/4901\/revisions"}],"predecessor-version":[{"id":4903,"href":"https:\/\/www.actualidadadiario.com\/index.php\/wp-json\/wp\/v2\/posts\/4901\/revisions\/4903"}],"wp:featuredmedia":[{"embeddable":true,"href":"https:\/\/www.actualidadadiario.com\/index.php\/wp-json\/wp\/v2\/media\/4902"}],"wp:attachment":[{"href":"https:\/\/www.actualidadadiario.com\/index.php\/wp-json\/wp\/v2\/media?parent=4901"}],"wp:term":[{"taxonomy":"category","embeddable":true,"href":"https:\/\/www.actualidadadiario.com\/index.php\/wp-json\/wp\/v2\/categories?post=4901"},{"taxonomy":"post_tag","embeddable":true,"href":"https:\/\/www.actualidadadiario.com\/index.php\/wp-json\/wp\/v2\/tags?post=4901"}],"curies":[{"name":"wp","href":"https:\/\/api.w.org\/{rel}","templated":true}]}}