{"id":4898,"date":"2016-11-22T10:16:21","date_gmt":"2016-11-22T13:16:21","guid":{"rendered":"http:\/\/actualidadadiario.com\/site\/?p=4898"},"modified":"2016-11-22T10:16:21","modified_gmt":"2016-11-22T13:16:21","slug":"el-senado-sigue-con-el-debate-del-plan-maderero","status":"publish","type":"post","link":"https:\/\/www.actualidadadiario.com\/index.php\/2016\/11\/22\/el-senado-sigue-con-el-debate-del-plan-maderero\/","title":{"rendered":"El Senado sigue con el debate del Plan Maderero"},"content":{"rendered":"<p><em><strong>Este mi\u00e9rcoles sesionar\u00e1 la C\u00e1mara alta a partir de las 11. Posteriormente, a las 16, se continuar\u00e1 con la ronda de consultas a distintos sectores por el Plan Maderero<\/strong><\/em><\/p>\n<p>&nbsp;<\/p>\n<p>&nbsp;<\/p>\n<p>&nbsp;<\/p>\n<p>&nbsp;<\/p>\n<p>&nbsp;<\/p>\n<p>El Senado tendr\u00e1 esta semana una sesi\u00f3n especial. Adem\u00e1s, seguir\u00e1 la ronda de consultas y trabajo sobre el proyecto de ley del Poder Ejecutivo que propone la implementaci\u00f3n de un Plan Maderero Entrerriano.<\/p>\n<p>&nbsp;<\/p>\n<p>El cuerpo fue convocado a sesionar el mi\u00e9rcoles 23 de noviembre a las 11. Se trata de una sesi\u00f3n especial, ya que la semana anterior no hubo sesi\u00f3n como correspond\u00eda a la programaci\u00f3n del actual per\u00edodo ordinario.<\/p>\n<p>&nbsp;<\/p>\n<p>La comisi\u00f3n de Producci\u00f3n fue convocada para el mismo d\u00eda a las 16. El encuentro ser\u00e1 en la sala de reuniones de comisiones legislativas de la C\u00e1mara de Senadores, en el segundo piso de la Casa de Gobierno.<\/p>\n<p>&nbsp;<\/p>\n<p>Seguir\u00e1 el trabajo sobre el proyecto de ley del Ejecutivo que propone la puesta en marcha de un Plan Maderero, bajo la consigna de lograr la promoci\u00f3n, desarrollo y sustentabilidad de la actividad foresto \u2013 industrial.<\/p>\n<p>&nbsp;<\/p>\n<p>Tal como sucedi\u00f3 en la reuni\u00f3n anterior, ser\u00e1n recibidos distintos interesados en brindar a los legisladores sus posturas sobre el tema, seg\u00fan el siguiente cronograma:<\/p>\n<p>&nbsp;<\/p>\n<p>16.- Cooperativa Agr\u00edcola del Delta.<\/p>\n<p>16.- Consejo Empresario de Entre R\u00edos. (C.E.E.R.)<\/p>\n<p>17.- Uni\u00f3n Industrial de Entre R\u00edos. (U.I.E.R.)<\/p>\n<p>17.- Fundaci\u00f3n M\u00b4Bigu\u00e1<\/p>\n<p>18.- Fundaci\u00f3n Eco Urbano.<\/p>\n","protected":false},"excerpt":{"rendered":"<p>Este mi\u00e9rcoles sesionar\u00e1 la C\u00e1mara alta a partir de las 11. Posteriormente, a las 16, se continuar\u00e1 con la ronda de consultas a distintos sectores por el Plan Maderero &nbsp; &nbsp; &nbsp; &nbsp; &nbsp; El Senado tendr\u00e1 esta semana una sesi\u00f3n especial. Adem\u00e1s, seguir\u00e1 la ronda de consultas y trabajo sobre el proyecto de ley del Poder Ejecutivo que propone la implementaci\u00f3n de un Plan Maderero Entrerriano. &nbsp; El cuerpo fue convocado a sesionar el mi\u00e9rcoles 23 de noviembre a las 11. Se trata de una sesi\u00f3n especial, ya que&#8230;<\/p>\n","protected":false},"author":3,"featured_media":4899,"comment_status":"closed","ping_status":"closed","sticky":false,"template":"","format":"standard","meta":[],"categories":[15],"tags":[],"_links":{"self":[{"href":"https:\/\/www.actualidadadiario.com\/index.php\/wp-json\/wp\/v2\/posts\/4898"}],"collection":[{"href":"https:\/\/www.actualidadadiario.com\/index.php\/wp-json\/wp\/v2\/posts"}],"about":[{"href":"https:\/\/www.actualidadadiario.com\/index.php\/wp-json\/wp\/v2\/types\/post"}],"author":[{"embeddable":true,"href":"https:\/\/www.actualidadadiario.com\/index.php\/wp-json\/wp\/v2\/users\/3"}],"replies":[{"embeddable":true,"href":"https:\/\/www.actualidadadiario.com\/index.php\/wp-json\/wp\/v2\/comments?post=4898"}],"version-history":[{"count":1,"href":"https:\/\/www.actualidadadiario.com\/index.php\/wp-json\/wp\/v2\/posts\/4898\/revisions"}],"predecessor-version":[{"id":4900,"href":"https:\/\/www.actualidadadiario.com\/index.php\/wp-json\/wp\/v2\/posts\/4898\/revisions\/4900"}],"wp:featuredmedia":[{"embeddable":true,"href":"https:\/\/www.actualidadadiario.com\/index.php\/wp-json\/wp\/v2\/media\/4899"}],"wp:attachment":[{"href":"https:\/\/www.actualidadadiario.com\/index.php\/wp-json\/wp\/v2\/media?parent=4898"}],"wp:term":[{"taxonomy":"category","embeddable":true,"href":"https:\/\/www.actualidadadiario.com\/index.php\/wp-json\/wp\/v2\/categories?post=4898"},{"taxonomy":"post_tag","embeddable":true,"href":"https:\/\/www.actualidadadiario.com\/index.php\/wp-json\/wp\/v2\/tags?post=4898"}],"curies":[{"name":"wp","href":"https:\/\/api.w.org\/{rel}","templated":true}]}}