{"id":4892,"date":"2016-11-22T10:14:34","date_gmt":"2016-11-22T13:14:34","guid":{"rendered":"http:\/\/actualidadadiario.com\/site\/?p=4892"},"modified":"2016-11-22T10:14:34","modified_gmt":"2016-11-22T13:14:34","slug":"panozzo-recibio-a-familiares-de-la-joven-que-se-quito-la-vida-en-el-palenque","status":"publish","type":"post","link":"https:\/\/www.actualidadadiario.com\/index.php\/2016\/11\/22\/panozzo-recibio-a-familiares-de-la-joven-que-se-quito-la-vida-en-el-palenque\/","title":{"rendered":"Panozzo recibi\u00f3 a familiares de la joven que se quit\u00f3 la vida en El Palenque"},"content":{"rendered":"<p><em><strong>La t\u00eda de la v\u00edctima, Imelda Bonsi, dijo que el presidente del CGE, Jos\u00e9 Luis Panozzo, confirm\u00f3 que se realizar\u00e1n actuaciones para determinar lo sucedido en el establecimiento educativo<\/strong><\/em><\/p>\n<p>&nbsp;<\/p>\n<p>&nbsp;<\/p>\n<p>&nbsp;<\/p>\n<p>&nbsp;<\/p>\n<p>La t\u00eda de la v\u00edctima, una amiga y la mam\u00e1 de una alumna de la escuela secundaria N\u00b0 73 Leandro Dar\u00edo P\u00e1ez de El Palenque, conformaron la comitiva que se reuni\u00f3 este lunes con Panozzo en el marco de la marcha realizada por familiares, amigos y padres de la instituci\u00f3n para pedir que se investigue lo sucedido con la joven.<\/p>\n<p>&nbsp;<\/p>\n<p>\u201cEstuvimos hablando de lo que pas\u00f3, de lo que se puede llegar a investigar, nos dieron esperanza de que esto va a ser escuchado y se van a armar diferentes proyectos para que se ampl\u00ede en las escuelas y que esto no vuelva a suceder\u201d, cont\u00f3 Bonsi, al explicar que hubo un compromiso del CGE de investigar el tema.<\/p>\n<p>&nbsp;<\/p>\n<p>La t\u00eda de la joven asegura que la escuela \u201cno actu\u00f3 a tiempo\u201d, pese a que su sobrina \u201ctuvo distintas actitudes y formas de pedir ayuda y no supo ser escuchada\u201d. Seg\u00fan relat\u00f3, la joven hab\u00eda escrito una carta anticipando el tr\u00e1gico desenlace, que estuvo en conocimiento de la instituci\u00f3n ese d\u00eda jueves 10 de noviembre. Pero la escuela cit\u00f3 a la familia para el d\u00eda siguiente y se les dijo s\u00f3lo que ve\u00edan mal a la joven, cont\u00f3.<\/p>\n","protected":false},"excerpt":{"rendered":"<p>La t\u00eda de la v\u00edctima, Imelda Bonsi, dijo que el presidente del CGE, Jos\u00e9 Luis Panozzo, confirm\u00f3 que se realizar\u00e1n actuaciones para determinar lo sucedido en el establecimiento educativo &nbsp; &nbsp; &nbsp; &nbsp; La t\u00eda de la v\u00edctima, una amiga y la mam\u00e1 de una alumna de la escuela secundaria N\u00b0 73 Leandro Dar\u00edo P\u00e1ez de El Palenque, conformaron la comitiva que se reuni\u00f3 este lunes con Panozzo en el marco de la marcha realizada por familiares, amigos y padres de la instituci\u00f3n para pedir que se investigue lo sucedido&#8230;<\/p>\n","protected":false},"author":3,"featured_media":4893,"comment_status":"closed","ping_status":"closed","sticky":false,"template":"","format":"standard","meta":[],"categories":[15],"tags":[],"_links":{"self":[{"href":"https:\/\/www.actualidadadiario.com\/index.php\/wp-json\/wp\/v2\/posts\/4892"}],"collection":[{"href":"https:\/\/www.actualidadadiario.com\/index.php\/wp-json\/wp\/v2\/posts"}],"about":[{"href":"https:\/\/www.actualidadadiario.com\/index.php\/wp-json\/wp\/v2\/types\/post"}],"author":[{"embeddable":true,"href":"https:\/\/www.actualidadadiario.com\/index.php\/wp-json\/wp\/v2\/users\/3"}],"replies":[{"embeddable":true,"href":"https:\/\/www.actualidadadiario.com\/index.php\/wp-json\/wp\/v2\/comments?post=4892"}],"version-history":[{"count":1,"href":"https:\/\/www.actualidadadiario.com\/index.php\/wp-json\/wp\/v2\/posts\/4892\/revisions"}],"predecessor-version":[{"id":4894,"href":"https:\/\/www.actualidadadiario.com\/index.php\/wp-json\/wp\/v2\/posts\/4892\/revisions\/4894"}],"wp:featuredmedia":[{"embeddable":true,"href":"https:\/\/www.actualidadadiario.com\/index.php\/wp-json\/wp\/v2\/media\/4893"}],"wp:attachment":[{"href":"https:\/\/www.actualidadadiario.com\/index.php\/wp-json\/wp\/v2\/media?parent=4892"}],"wp:term":[{"taxonomy":"category","embeddable":true,"href":"https:\/\/www.actualidadadiario.com\/index.php\/wp-json\/wp\/v2\/categories?post=4892"},{"taxonomy":"post_tag","embeddable":true,"href":"https:\/\/www.actualidadadiario.com\/index.php\/wp-json\/wp\/v2\/tags?post=4892"}],"curies":[{"name":"wp","href":"https:\/\/api.w.org\/{rel}","templated":true}]}}