{"id":4886,"date":"2016-11-22T10:11:23","date_gmt":"2016-11-22T13:11:23","guid":{"rendered":"http:\/\/actualidadadiario.com\/site\/?p=4886"},"modified":"2016-11-22T10:11:23","modified_gmt":"2016-11-22T13:11:23","slug":"la-provincia-invertira-casi-300-millones-de-pesos-en-construccion-de-viviendas","status":"publish","type":"post","link":"https:\/\/www.actualidadadiario.com\/index.php\/2016\/11\/22\/la-provincia-invertira-casi-300-millones-de-pesos-en-construccion-de-viviendas\/","title":{"rendered":"La provincia invertir\u00e1 casi 300 millones de pesos en construcci\u00f3n de viviendas"},"content":{"rendered":"<p><em><strong>En una operaci\u00f3n conjunta con el gobierno nacional, la Provincia invertir\u00e1 casi 300 millones de pesos para la construcci\u00f3n de 1000 viviendas entre fin de a\u00f1o y comienzos de 2017. As\u00ed surgi\u00f3 de la reuni\u00f3n de gabinete que el gobernador Gustavo Bordet mantuvo este lunes junto al vicegobernador Adan Bahl y sus funcionarios. Adem\u00e1s, analizaron la marcha del proyecto de presupuesto 2017 en la legislatura<\/strong><\/em><\/p>\n<p>&nbsp;<\/p>\n<p>&nbsp;<\/p>\n<p>&nbsp;<\/p>\n<p>&nbsp;<\/p>\n<p>&nbsp;<\/p>\n<p>Bordet reuni\u00f3 este lunes al mediod\u00eda a todos sus ministros, tambi\u00e9n a secretarios y funcionarios. Fue en el Sal\u00f3n de los Gobernadores y participaron, adem\u00e1s, los presidentes del bloque del Frente Justicialista Para la Victoria en Diputados, Juan Jos\u00e9 Bahillo y en el Senado, \u00c1ngel Giano.<\/p>\n<p>&nbsp;<\/p>\n<p>En ese marco, el mandatario hizo un repaso de los principales temas de la gesti\u00f3n provincial, \u00e1rea por \u00e1rea, de cara al cierre del a\u00f1o, y enfatiz\u00f3 la inversi\u00f3n en obras claves como la construcci\u00f3n de viviendas.<\/p>\n<p>&nbsp;<\/p>\n<p>En ese sentido, al finalizar el encuentro, el titular del Instituto Aut\u00e1rquico de Planeamiento y Vivienda (IAPV), Alfredo Francolini explic\u00f3 que \u201chemos publicado ya la licitaci\u00f3n para la construcci\u00f3n de m\u00e1s de 300 viviendas en 18 licitaciones, 17 ciudades diferentes\u201d, y que a comienzos de 2017 se llamar\u00e1 a licitaci\u00f3n para la construcci\u00f3n de \u201c500 viviendas en la ciudad de Paran\u00e1 y otras tantas en el resto de la provincia, que sumadas rondan las 700 viviendas, en los primeros meses del a\u00f1o\u201d.<\/p>\n<p>&nbsp;<\/p>\n<p>Estas obras se realizan bajo la modalidad de cofinanciamiento en la que la provincia aporta el 36 por ciento de la inversi\u00f3n, m\u00e1s las redeterminaciones de precios, y la Naci\u00f3n el monto restante. De esta manera, la construcci\u00f3n de casi 1000 viviendas representa una inversi\u00f3n de 297 millones de pesos para Entre R\u00edos.<\/p>\n<p>&nbsp;<\/p>\n<p>El funcionario destac\u00f3 la priorizaci\u00f3n que el gobernador Bordet lleva adelante en materia de vivienda y sostuvo que estas licitaciones \u201cayudan a compensar la gran cantidad de entregas que estamos teniendo durante este a\u00f1o\u201d, ya que la idea es \u201cmantenernos en un promedio de cuatro mil viviendas en ejecuci\u00f3n\u201d, se\u00f1al\u00f3 y agreg\u00f3 que \u201cqueremos llegar a mediados de a\u00f1o con 4500 o 5000 viviendas, y 6000 viviendas en ejecuci\u00f3n para fines de 2017\u201d.<\/p>\n<p>&nbsp;<\/p>\n<p>En cuanto a la operaci\u00f3n que se va a llevar a cabo en Paran\u00e1, a comienzos de 2017, Francolini destac\u00f3 que \u201cva a tener una modalidad diferente que es terreno, proyecto y precio\u201d, lo que comprende la compra del terreno mediante licitaci\u00f3n. Esto significa que los ciudadanos de Paran\u00e1 podr\u00e1n inscribirse, y \u201cuna vez que se sortee en el IAFAS, los adjudicatarios van a ir pagando el terreno mientras ejecutamos la vivienda. L\u00f3gicamente, una vez realizada la entrega, van a empezar a pagar la cuota de la vivienda\u201d.<\/p>\n<p>&nbsp;<\/p>\n<p>&nbsp;<\/p>\n<p>&nbsp;<\/p>\n<p>&nbsp;<\/p>\n<p>&nbsp;<\/p>\n<p><strong>Presupuesto 2017 <\/strong><\/p>\n<p>Otro de los temas abordados durante el encuentro fue el tratamiento del proyecto de presupuesto del a\u00f1o 2017. En ese sentido, Bahillo inform\u00f3 que \u201cest\u00e1 pedido con preferencia, con dictamen de comisi\u00f3n, estamos trabajando en el dictamen\u201d, y que hay acuerdo legislativo para su tratamiento.<\/p>\n<p>&nbsp;<\/p>\n<p>\u201cEste es un proyecto que le da la previsibilidad y el ordenamiento que necesitan las cuentas p\u00fablicas de la provincia, la administraci\u00f3n que necesita el gobernador\u201d, afirm\u00f3 el jefe de la bancada oficialista, y remarc\u00f3 que \u201cestamos haciendo los esfuerzos y las distintas armonizaciones pol\u00edticas para lograr que la oposici\u00f3n lo acompa\u00f1e\u201d. En esa l\u00ednea, \u201cno quiero ser imprudente pero, las charlas que venimos teniendo me permiten ser optimista con el acompa\u00f1amiento de la oposici\u00f3n\u201d.<\/p>\n<p>&nbsp;<\/p>\n<p>\u201cSi bien faltan todav\u00eda un par de sesiones, ser\u00eda cerrar un buen a\u00f1o legislativo en una Ley tan importante como para la administraci\u00f3n p\u00fablica como la Ley de presupuesto con el acompa\u00f1amiento de la oposici\u00f3n, dado que las principales leyes, y yo dir\u00eda que casi el 90 por ciento de lo que hemos aprobado en Diputados, ha contado con el voto de la oposici\u00f3n y ha sido aprobado de manera un\u00e1nime\u201d, valor\u00f3 el diputado de Gualeguaych\u00fa.<\/p>\n<p>&nbsp;<\/p>\n<p>Para Bahillo el proyecto de presupuesto expresa \u201cuna provincia que se va desendeudando, donde la incidencia de la deuda en t\u00e9rminos porcentuales con respecto a los ingresos totales va bajando de manera importante\u201d, y advirti\u00f3 que \u201cla deuda impacta cada vez menos, pero el problema que tenemos es que est\u00e1 muy en el corto plazo\u201d.<\/p>\n<p>&nbsp;<\/p>\n<p>\u201cLa deuda est\u00e1 mayoritariamente en los pr\u00f3ximos dos a\u00f1os, por eso se solicita endeudamiento para refinanciarla\u201d, explic\u00f3 el jefe de la bancada del Frente Justicialista Para la Victoria y sostuvo que \u201ccuando saca la implicancia de la deuda de adentro del proyecto es pr\u00e1cticamente un presupuesto equilibrado\u201d.<\/p>\n<p>&nbsp;<\/p>\n<p>Bahillo tambi\u00e9n destac\u00f3 la participaci\u00f3n de los municipios en el proyecto de presupuesto: \u201chab\u00eda algunas remesas adeudadas a principio de a\u00f1o, pero se ha puesto al d\u00eda\u201d, dijo y subray\u00f3 que \u201chay un listado muy ambicioso de obras con distintos financiamientos para los municipios\u201d.<\/p>\n<p>&nbsp;<\/p>\n<p>Adem\u00e1s del gobernador y el vicegobernador participaron de la reuni\u00f3n los ministros de Gobierno, Mauro Urribarri, de Salud, Ariel de la Rosa, de Econom\u00eda, Hugo Ballay, de Producci\u00f3n, Carlos Schepens, de Desarrollo Social, Laura Stratta, de Turismo, Adri\u00e1n Fuertes, el secretario General de la Gobernaci\u00f3n, Edgardo Kueider, la directora de Vialidad Provincial, Alicia Ben\u00edtez, el presidente del Consejo General de Educaci\u00f3n, Jos\u00e9 Luis Panozzo, el titular de la Administradora Tributaria de Entre R\u00edos (ATER), Sergio Granetto, la secretaria de Ambiente, Bel\u00e9n Esteves, el secretario de Hacienda, Antonio Labriola.<\/p>\n","protected":false},"excerpt":{"rendered":"<p>En una operaci\u00f3n conjunta con el gobierno nacional, la Provincia invertir\u00e1 casi 300 millones de pesos para la construcci\u00f3n de 1000 viviendas entre fin de a\u00f1o y comienzos de 2017. As\u00ed surgi\u00f3 de la reuni\u00f3n de gabinete que el gobernador Gustavo Bordet mantuvo este lunes junto al vicegobernador Adan Bahl y sus funcionarios. Adem\u00e1s, analizaron la marcha del proyecto de presupuesto 2017 en la legislatura &nbsp; &nbsp; &nbsp; &nbsp; &nbsp; Bordet reuni\u00f3 este lunes al mediod\u00eda a todos sus ministros, tambi\u00e9n a secretarios y funcionarios. Fue en el Sal\u00f3n de&#8230;<\/p>\n","protected":false},"author":3,"featured_media":4887,"comment_status":"closed","ping_status":"closed","sticky":false,"template":"","format":"standard","meta":[],"categories":[9],"tags":[],"_links":{"self":[{"href":"https:\/\/www.actualidadadiario.com\/index.php\/wp-json\/wp\/v2\/posts\/4886"}],"collection":[{"href":"https:\/\/www.actualidadadiario.com\/index.php\/wp-json\/wp\/v2\/posts"}],"about":[{"href":"https:\/\/www.actualidadadiario.com\/index.php\/wp-json\/wp\/v2\/types\/post"}],"author":[{"embeddable":true,"href":"https:\/\/www.actualidadadiario.com\/index.php\/wp-json\/wp\/v2\/users\/3"}],"replies":[{"embeddable":true,"href":"https:\/\/www.actualidadadiario.com\/index.php\/wp-json\/wp\/v2\/comments?post=4886"}],"version-history":[{"count":1,"href":"https:\/\/www.actualidadadiario.com\/index.php\/wp-json\/wp\/v2\/posts\/4886\/revisions"}],"predecessor-version":[{"id":4888,"href":"https:\/\/www.actualidadadiario.com\/index.php\/wp-json\/wp\/v2\/posts\/4886\/revisions\/4888"}],"wp:featuredmedia":[{"embeddable":true,"href":"https:\/\/www.actualidadadiario.com\/index.php\/wp-json\/wp\/v2\/media\/4887"}],"wp:attachment":[{"href":"https:\/\/www.actualidadadiario.com\/index.php\/wp-json\/wp\/v2\/media?parent=4886"}],"wp:term":[{"taxonomy":"category","embeddable":true,"href":"https:\/\/www.actualidadadiario.com\/index.php\/wp-json\/wp\/v2\/categories?post=4886"},{"taxonomy":"post_tag","embeddable":true,"href":"https:\/\/www.actualidadadiario.com\/index.php\/wp-json\/wp\/v2\/tags?post=4886"}],"curies":[{"name":"wp","href":"https:\/\/api.w.org\/{rel}","templated":true}]}}