{"id":48801,"date":"2019-08-01T10:15:58","date_gmt":"2019-08-01T13:15:58","guid":{"rendered":"https:\/\/www.actualidadadiario.com\/?p=48801"},"modified":"2019-08-01T10:15:58","modified_gmt":"2019-08-01T13:15:58","slug":"se-confirmo-la-segunda-muerte-por-gripe-a-en-entre-rios","status":"publish","type":"post","link":"https:\/\/www.actualidadadiario.com\/index.php\/2019\/08\/01\/se-confirmo-la-segunda-muerte-por-gripe-a-en-entre-rios\/","title":{"rendered":"Se confirm\u00f3 la segunda muerte por Gripe A en Entre R\u00edos"},"content":{"rendered":"\n<p><strong><em>Se trata de un paciente oriundo de Victoria que se encontraba internado en el Hospital San Mart\u00edn, de Paran\u00e1. Muri\u00f3 durante la noche del martes, infirm\u00f3 el director de Epidemiolog\u00eda, Diego Garcilazo. Las dos personas fallecidas por esta enfermedad pertenec\u00edan al grupo de riesgo y no estaban vacunadas<\/em><\/strong><\/p>\n\n\n\n<p><\/p>\n\n\n\n<p><\/p>\n\n\n\n<p>Desde el Ministerio de Salud de Entre R\u00edos se confirm\u00f3 la\nsegunda muerte a causa de la Gripe A en la provincia. Se aclar\u00f3 que las\npersonas fallecidas pertenec\u00edan al grupo de riesgo y no estaban vacunadas.<\/p>\n\n\n\n<p>El paciente, oriundo de Victoria, falleci\u00f3 en el Hospital\nSan Mart\u00edn de Paran\u00e1 durante la noche de este martes, asegur\u00f3 Diego Garcilazo,\ndirector de Epidemiolog\u00eda de Entre R\u00edos.<\/p>\n\n\n\n<p>Este nuevo caso se suma al fallecimiento de una mujer en\nGualeguaych\u00fa, que estaba internada en terapia intensiva del Hospital\nCentenario. Se supo sobre ella que ten\u00eda factores de riesgo cardiovascular y\npulmonar que complicaron su cuadro de salud.<\/p>\n","protected":false},"excerpt":{"rendered":"<p>Se trata de un paciente oriundo de Victoria que se encontraba internado en el Hospital San Mart\u00edn, de Paran\u00e1. Muri\u00f3 durante la noche del martes, infirm\u00f3 el director de Epidemiolog\u00eda, Diego Garcilazo. Las dos personas fallecidas por esta enfermedad pertenec\u00edan al grupo de riesgo y no estaban vacunadas Desde el Ministerio de Salud de Entre R\u00edos se confirm\u00f3 la segunda muerte a causa de la Gripe A en la provincia. Se aclar\u00f3 que las personas fallecidas pertenec\u00edan al grupo de riesgo y no estaban vacunadas. El paciente, oriundo de Victoria,&#8230;<\/p>\n","protected":false},"author":3,"featured_media":48802,"comment_status":"closed","ping_status":"closed","sticky":false,"template":"","format":"standard","meta":[],"categories":[15],"tags":[],"_links":{"self":[{"href":"https:\/\/www.actualidadadiario.com\/index.php\/wp-json\/wp\/v2\/posts\/48801"}],"collection":[{"href":"https:\/\/www.actualidadadiario.com\/index.php\/wp-json\/wp\/v2\/posts"}],"about":[{"href":"https:\/\/www.actualidadadiario.com\/index.php\/wp-json\/wp\/v2\/types\/post"}],"author":[{"embeddable":true,"href":"https:\/\/www.actualidadadiario.com\/index.php\/wp-json\/wp\/v2\/users\/3"}],"replies":[{"embeddable":true,"href":"https:\/\/www.actualidadadiario.com\/index.php\/wp-json\/wp\/v2\/comments?post=48801"}],"version-history":[{"count":1,"href":"https:\/\/www.actualidadadiario.com\/index.php\/wp-json\/wp\/v2\/posts\/48801\/revisions"}],"predecessor-version":[{"id":48803,"href":"https:\/\/www.actualidadadiario.com\/index.php\/wp-json\/wp\/v2\/posts\/48801\/revisions\/48803"}],"wp:featuredmedia":[{"embeddable":true,"href":"https:\/\/www.actualidadadiario.com\/index.php\/wp-json\/wp\/v2\/media\/48802"}],"wp:attachment":[{"href":"https:\/\/www.actualidadadiario.com\/index.php\/wp-json\/wp\/v2\/media?parent=48801"}],"wp:term":[{"taxonomy":"category","embeddable":true,"href":"https:\/\/www.actualidadadiario.com\/index.php\/wp-json\/wp\/v2\/categories?post=48801"},{"taxonomy":"post_tag","embeddable":true,"href":"https:\/\/www.actualidadadiario.com\/index.php\/wp-json\/wp\/v2\/tags?post=48801"}],"curies":[{"name":"wp","href":"https:\/\/api.w.org\/{rel}","templated":true}]}}