{"id":48792,"date":"2019-08-01T10:13:39","date_gmt":"2019-08-01T13:13:39","guid":{"rendered":"https:\/\/www.actualidadadiario.com\/?p=48792"},"modified":"2019-08-01T10:13:39","modified_gmt":"2019-08-01T13:13:39","slug":"bordet-afirmo-que-las-cadenas-de-valor-tienen-que-ser-fortalecidas-con-politicas-publicas-desde-el-estado","status":"publish","type":"post","link":"https:\/\/www.actualidadadiario.com\/index.php\/2019\/08\/01\/bordet-afirmo-que-las-cadenas-de-valor-tienen-que-ser-fortalecidas-con-politicas-publicas-desde-el-estado\/","title":{"rendered":"Bordet afirm\u00f3 que las cadenas de valor \u201ctienen que ser fortalecidas con pol\u00edticas p\u00fablicas desde el Estado\u201d"},"content":{"rendered":"\n<p><strong><em>El gobernador Gustavo Bordet estuvo este mi\u00e9rcoles en la exposici\u00f3n Rural de Palermo, donde recorri\u00f3 el stand que la provincia tiene all\u00ed. \u201cEs una oportunidad para mostrar todo lo mucho y bueno que se hace en la provincia\u201d, afirm\u00f3 el mandatario<\/em><\/strong><\/p>\n\n\n\n<p><\/p>\n\n\n\n<p><\/p>\n\n\n\n<p>Bordet mencion\u00f3 que Entre R\u00edos tiene numerosas cadenas de\nvalor y econom\u00edas regionales, \u201ctodo el a\u00f1o se trabaja por lo cual es bueno\nmostrar y poner en superficie todo lo que d\u00eda a d\u00eda hombre y mujeres con el\ntrabajo de sus manos producen poder mostrarlo y ofrecerlo para venderlo, ya que\nmuchos son emprendimientos familiares y esto hace bien para poder difundir y\navanzar en nuestros emprendimientos\u201d. <\/p>\n\n\n\n<p>Destac\u00f3 que las cadenas de valor, \u201ctienen que ser\nfortalecidas con pol\u00edticas p\u00fablicas desde el Estado entonces estar en la\nexposici\u00f3n m\u00e1s importante del pa\u00eds es prioritario por eso venimos todos los a\u00f1os\u201d.<\/p>\n\n\n\n<p>El gobernador, en La Rural estuvo acompa\u00f1ado por los\nsecretarios de Turismo y Cultura, Carolina Gaillard; y de Producci\u00f3n, \u00c1lvaro\nGab\u00e1s, y reiter\u00f3 que \u201cestamos por cuarto a\u00f1o consecutivo desde que asumimos la\ngesti\u00f3n\u201d, y repas\u00f3 los distintos stands de Entre R\u00edos, donde se exhibe \u201clo\nmucho y bueno que se hace en la provincia\u201d. En ese sentido, mencion\u00f3 los de\ncuchilleros de Federal y Feliciano, de jugos c\u00edtricos de Villa del Rosario, de\nhierbas para t\u00e9 y mate de Gualeguaych\u00fa, de Tramagua una cooperativa que realiza\ntejidos en telar, y tambi\u00e9n hizo referencia a los espect\u00e1culos con los cuales\n\u201cse trata de difundir nuestra cultura entrerriana\u201d<\/p>\n\n\n\n<p>El mandatario, destac\u00f3 que la exposici\u00f3n \u201ces una de las m\u00e1s\ngrandes del pa\u00eds, m\u00e1s de un mill\u00f3n de personas nos visitan\u201d, por lo que\n\u201cestamos tambi\u00e9n promocionando tur\u00edsticamente nuestra provincia, algo que es\nmuy importante sobre todo porque es \u00e9poca de vacaciones en Buenos Aires\u201d.<\/p>\n\n\n\n<p>En ese sentido, Bordet afirm\u00f3 que \u201cveo que hay mucha\nconcurrencia en nuestro stand, es muy din\u00e1mico muy alegre, con m\u00fasica de\nchamarrita que en vivo se ofrece a todos los visitantes y Entre R\u00edos est\u00e1 muy\nbien representada\u201d. <\/p>\n\n\n\n<p><strong>Puertos<\/strong><\/p>\n\n\n\n<p>Por otro lado, y al ser consultado por la prensa sobre el\neje de reactivaci\u00f3n portuaria en la provincia, Bordet afirm\u00f3 que \u201cel balance de\nlos cuatro a\u00f1os ha sido positivo en el sentido de que no ten\u00edamos ning\u00fan puerto\nhabilitado cuando asumimos y hoy tenemos tres, Ibicuy, Concepci\u00f3n del Uruguay,\nDiamante y La Paz para barcazas\u201d.<\/p>\n\n\n\n<p>\u201cLa idea es seguir potenciando, seguir teniendo la\nposibilidad de ir ganando volumen, con oferta exportable. Estamos trabajando en\nun proyecto para interesar la explotaci\u00f3n privada en un sector del Puerto de\nIbicuy, hacerlo por consorcios; tambi\u00e9n estamos asistiendo a exportaciones en\nmadera y arroz, pero queremos ir con contenedores, estamos hablando con la\nindustria av\u00edcola, con la citr\u00edcola para poder sacar nuestros productos al\nmundo a trav\u00e9s de contenedores\u201d, explic\u00f3.<\/p>\n\n\n\n<p>Dijo que en Concepci\u00f3n del Uruguay est\u00e1 garantizada la\ncadena de fr\u00edo y las instalaciones el\u00e9ctricas apropiadas, \u201ctenemos que hacerlo\nen Ibicuy tambi\u00e9n\u201d.<\/p>\n\n\n\n<p>Finalmente, coment\u00f3 que \u201calgo que ha surgido con mucha\nfuerza es la arena que se lleva a Vaca Muerta donde la zona de Ibicuy,\nGualeguay tienen yacimientos importantes y esto nos presenta una gran\noportunidad en materia de miner\u00eda para la provincia, que antes no exist\u00eda. Y\npor supuesto poder sacar esta arena que hoy sale en camiones, por el puerto de\nIbicuy es prioritario y estamos trabajando en eso\u201d.<\/p>\n","protected":false},"excerpt":{"rendered":"<p>El gobernador Gustavo Bordet estuvo este mi\u00e9rcoles en la exposici\u00f3n Rural de Palermo, donde recorri\u00f3 el stand que la provincia tiene all\u00ed. \u201cEs una oportunidad para mostrar todo lo mucho y bueno que se hace en la provincia\u201d, afirm\u00f3 el mandatario Bordet mencion\u00f3 que Entre R\u00edos tiene numerosas cadenas de valor y econom\u00edas regionales, \u201ctodo el a\u00f1o se trabaja por lo cual es bueno mostrar y poner en superficie todo lo que d\u00eda a d\u00eda hombre y mujeres con el trabajo de sus manos producen poder mostrarlo y ofrecerlo para&#8230;<\/p>\n","protected":false},"author":3,"featured_media":48793,"comment_status":"closed","ping_status":"closed","sticky":false,"template":"","format":"standard","meta":[],"categories":[9],"tags":[],"_links":{"self":[{"href":"https:\/\/www.actualidadadiario.com\/index.php\/wp-json\/wp\/v2\/posts\/48792"}],"collection":[{"href":"https:\/\/www.actualidadadiario.com\/index.php\/wp-json\/wp\/v2\/posts"}],"about":[{"href":"https:\/\/www.actualidadadiario.com\/index.php\/wp-json\/wp\/v2\/types\/post"}],"author":[{"embeddable":true,"href":"https:\/\/www.actualidadadiario.com\/index.php\/wp-json\/wp\/v2\/users\/3"}],"replies":[{"embeddable":true,"href":"https:\/\/www.actualidadadiario.com\/index.php\/wp-json\/wp\/v2\/comments?post=48792"}],"version-history":[{"count":1,"href":"https:\/\/www.actualidadadiario.com\/index.php\/wp-json\/wp\/v2\/posts\/48792\/revisions"}],"predecessor-version":[{"id":48794,"href":"https:\/\/www.actualidadadiario.com\/index.php\/wp-json\/wp\/v2\/posts\/48792\/revisions\/48794"}],"wp:featuredmedia":[{"embeddable":true,"href":"https:\/\/www.actualidadadiario.com\/index.php\/wp-json\/wp\/v2\/media\/48793"}],"wp:attachment":[{"href":"https:\/\/www.actualidadadiario.com\/index.php\/wp-json\/wp\/v2\/media?parent=48792"}],"wp:term":[{"taxonomy":"category","embeddable":true,"href":"https:\/\/www.actualidadadiario.com\/index.php\/wp-json\/wp\/v2\/categories?post=48792"},{"taxonomy":"post_tag","embeddable":true,"href":"https:\/\/www.actualidadadiario.com\/index.php\/wp-json\/wp\/v2\/tags?post=48792"}],"curies":[{"name":"wp","href":"https:\/\/api.w.org\/{rel}","templated":true}]}}