{"id":48789,"date":"2019-08-01T10:12:53","date_gmt":"2019-08-01T13:12:53","guid":{"rendered":"https:\/\/www.actualidadadiario.com\/?p=48789"},"modified":"2019-08-01T10:12:53","modified_gmt":"2019-08-01T13:12:53","slug":"el-gobierno-provincial-trabaja-aspectos-prioritarios-de-la-ley-del-empleo-publico-con-los-gremios-estatales","status":"publish","type":"post","link":"https:\/\/www.actualidadadiario.com\/index.php\/2019\/08\/01\/el-gobierno-provincial-trabaja-aspectos-prioritarios-de-la-ley-del-empleo-publico-con-los-gremios-estatales\/","title":{"rendered":"El gobierno provincial trabaja aspectos prioritarios de la Ley del Empleo P\u00fablico con los gremios estatales"},"content":{"rendered":"\n<p><strong><em>La provincia convoc\u00f3 a referentes de la Asociaci\u00f3n Trabajadores del Estado (ATE) y de la Uni\u00f3n del Personal Civil de la Naci\u00f3n (UPCN) para trabajar en forma consensuada algunos aspectos prioritarios de la Ley 9755 de Empleo P\u00fablico<\/em><\/strong><\/p>\n\n\n\n<p><\/p>\n\n\n\n<p><\/p>\n\n\n\n<p>Tambi\u00e9n present\u00f3 un informe sobre la situaci\u00f3n del empleo\np\u00fablico en la administraci\u00f3n entrerriana, el cual fue valorado por los\nrepresentantes gremiales que se comprometieron a efectuar aportes en esa\nmateria. <\/p>\n\n\n\n<p>Presidida por la secretaria de Modernizaci\u00f3n, Ciencia y\nTecnolog\u00eda, Lucrecia Escand\u00f3n, se realiz\u00f3 este mi\u00e9rcoles en la sede de esa\nrepartici\u00f3n, un encuentro con representantes de los gremios ATE y UPCN con\nmiras a conformar una mesa t\u00e9cnica de trabajo con el fin de abordar algunos\naspectos de la ley 9755. <\/p>\n\n\n\n<p>Al t\u00e9rmino de la reuni\u00f3n, Escand\u00f3n afirm\u00f3 que desde el\ninicio de la gesti\u00f3n del gobernador Bordet se defini\u00f3 como una prioridad de\ngesti\u00f3n del \u00e1rea avanzar sobre la regulaci\u00f3n de la ley de empleo p\u00fablico 9755.\n&#8220;Generalmente las administraciones p\u00fablicas se caracterizan por tener un\ndesarrollo desestructurado y con muchos cambios en el marco de las gestiones y\neso ha atentado con normativizar algunos derechos y obligaciones propios del\ntrabajador de la administraci\u00f3n p\u00fablico que hoy se encuentran distribuidos en\nuna gran cantidad de normas&#8221;, precis\u00f3 la funcionaria. <\/p>\n\n\n\n<p>Coment\u00f3 que &#8220;hay decretos que datan de la d\u00e9cada del 60\ny obviamente en la evoluci\u00f3n de la planta de los trabajadores, se requiere de\nuna urgente actualizaci\u00f3n y unificaci\u00f3n normativa con criterios objetivos para\nevitar inconvenientes y para que todos los trabajadores tengan garantizados sus\nderechos&#8221;. <\/p>\n\n\n\n<p>Luego sostuvo que la de este mi\u00e9rcoles fue &#8220;una instancia\nm\u00e1s de di\u00e1logo que hemos iniciado en diciembre de 2015. En una primera\ninstancia, nuestro compromiso era construir informaci\u00f3n fehaciente respecto a\nla composici\u00f3n del empleo p\u00fablico provincial para poder tomar decisiones\npol\u00edticas informadas. En ese sentido, presentamos hoy a UPCN y ATE un primer\ninforme que habla sobre la composici\u00f3n del empleo p\u00fablico en diferentes\naspectos, como la evoluci\u00f3n etaria de la planta, la perspectiva de g\u00e9nero, la\ncomposici\u00f3n por cada categor\u00eda, clase, todo lo referido al escalaf\u00f3n\ngeneral&#8221;, indic\u00f3.<\/p>\n\n\n\n<p>Dijo tambi\u00e9n la secretaria de Modernizaci\u00f3n que &#8220;el\nestudio no busca s\u00f3lo mirarse a uno mismo sino que incluy\u00f3 la comparativa\nnacional y en ese esquema, la provincia de Entre R\u00edos se ubica por debajo del\npromedio de la cantidad de trabajadores p\u00fablicos, cada 1.000 habitantes, que es\nel dato que se maneja desde el Ministerio del Interior, con informaci\u00f3n que\ndata de 2016. Es decir que el empleo p\u00fablico no es un problema como muchas\nveces se plantea en el marco de la perspectiva de gobierno. S\u00ed tenemos enormes\ndesaf\u00edos en materia de regulaci\u00f3n y de mejora de distintos procesos que hacen a\nlo que nosotros entendemos como el ecosistema del empleo p\u00fablico&#8221;. <\/p>\n\n\n\n<p>Tras mencionar que el trabajo se realiz\u00f3 con el aporte de\ndistintos organismos como Recursos Humanos, Econom\u00eda, Trabajo y Gobierno,\nEscand\u00f3n sostuvo que \u201cel trabajador no es \u00fanicamente un factor liquidatorio, ni\ntampoco es \u00fanicamente un actor respecto de las mesas gremiales o paritarias\nsalariales, sino que lo entendemos desde una perspectiva amplia donde hablamos\nde pol\u00edticas que tengan que ver con la no discriminaci\u00f3n, con g\u00e9nero, con\nformaci\u00f3n como ha sido el plan de capacitaciones de la administraci\u00f3n p\u00fablica.\nDe hecho dentro del informe est\u00e1n por ejemplo los desaf\u00edos que tenemos respecto\nde terminalidad educativa en el cual estamos continuamente avanzando\u201d.<\/p>\n\n\n\n<p>M\u00e1s adelante, coment\u00f3: \u201cEste trabajo tiene que ver con la\nunificaci\u00f3n de las bases de dato de la provincia, puesto que hemos podido\ncruzar datos de Liquidaciones, Recursos Humanos y distintas \u00e1reas del Estado\nque hacen a un mismo individuo que es el trabajador estatal. Con esta\ninformaci\u00f3n fehaciente tenemos la capacidad de tomar decisiones pol\u00edticas\nrespecto a c\u00f3mo regularizar algunas cuestiones que tienen que ver con los derechos\ny obligaciones del trabajador\u201d. <\/p>\n\n\n\n<p>\u201cLo que hemos definido junto a los gremios es primero\nreconocer la complejidad de la ley 9755. Estamos hablando de m\u00e1s de 100\nart\u00edculos que regulan much\u00edsimas facetas respecto al trabajador, cada uno de\nsus derechos y obligaciones, como por ejemplo las licencias, hasta lo que tiene\nque ver con ingreso por concurso\u201d, continu\u00f3 diciendo la funcionaria y acot\u00f3 que\n\u201cen una primera instancia, con desconocimiento de los n\u00fameros y los indicadores\nsobre el tema de empleo p\u00fablico, se hab\u00eda tenido la perspectiva de hacer una\nregulaci\u00f3n completa de esa ley. Obviamente cuando empezamos a trabajar\nreconocimos los enormes desaf\u00edos y hemos visto la oportunidad junto a los\ngremios de ir avanzando sobre tem\u00e1ticas espec\u00edficas y una agenda en particular\nde regulaci\u00f3n. En este caso, lo que se le entreg\u00f3 a los gremios fue un an\u00e1lisis\nnormativo sobre los distintos reg\u00edmenes hoy en la provincia que regulan el tema\nde licencias, justificaciones y francos, donde encontramos algunas normas que datan\nde la d\u00e9cada del 60 y otras que no est\u00e1n vigentes como la licencia por servicio\nmilitar\u201d. <\/p>\n\n\n\n<p>Finalmente, precis\u00f3 Escand\u00f3n: \u201cQuedamos en mantener una\nsegunda reuni\u00f3n de trabajo dentro de 15 o 20 d\u00edas, donde los gremios, luego de\nanalizar las normativas, traigan una propuesta de mejora respecto de la\nunificaci\u00f3n, y as\u00ed tambi\u00e9n lo haremos nosotros desde el Estado. Adem\u00e1s, vamos a\npresentar otras etapas del informe que elaboramos desde el gobierno provincial.\nAc\u00e1 vimos composici\u00f3n del empleo pero tambi\u00e9n est\u00e1 todo lo vinculado al\ncomponente salarial, con la proyecci\u00f3n de evoluci\u00f3n de la planta de los\ntrabajadores de la administraci\u00f3n p\u00fablica de ac\u00e1 a 10 a\u00f1os, muchos datos que\nhemos construido con el aporte de distintas reparticiones y con el\nacompa\u00f1amiento del trabajo que hab\u00edamos dispuesto con el Centro de\nImplementaci\u00f3n de Pol\u00edticas P\u00fablicas para la Equidad y el Crecimiento (Cippec)\nque nos ha ordenado respecto de c\u00f3mo construir esa informaci\u00f3n y generado\ncapacidades en el Estado para que ahora podamos mantener esa informaci\u00f3n\npermanentemente actualizada\u201d. <\/p>\n\n\n\n<p>En el encuentro participaron el secretario de Organizaci\u00f3n y\nla vocal de ATE, V\u00edctor Grandoli y Viviana Rivero, y los secretarios adjunto y\ngremial de UPCN, Fabi\u00e1n Monz\u00f3n y Carina Dom\u00ednguez, respectivamente, entre otros\ndirigentes gremiales, y representantes de distintos organismos del Estado\nprovincial.<\/p>\n","protected":false},"excerpt":{"rendered":"<p>La provincia convoc\u00f3 a referentes de la Asociaci\u00f3n Trabajadores del Estado (ATE) y de la Uni\u00f3n del Personal Civil de la Naci\u00f3n (UPCN) para trabajar en forma consensuada algunos aspectos prioritarios de la Ley 9755 de Empleo P\u00fablico Tambi\u00e9n present\u00f3 un informe sobre la situaci\u00f3n del empleo p\u00fablico en la administraci\u00f3n entrerriana, el cual fue valorado por los representantes gremiales que se comprometieron a efectuar aportes en esa materia. Presidida por la secretaria de Modernizaci\u00f3n, Ciencia y Tecnolog\u00eda, Lucrecia Escand\u00f3n, se realiz\u00f3 este mi\u00e9rcoles en la sede de esa repartici\u00f3n,&#8230;<\/p>\n","protected":false},"author":3,"featured_media":48790,"comment_status":"closed","ping_status":"closed","sticky":false,"template":"","format":"standard","meta":[],"categories":[15],"tags":[],"_links":{"self":[{"href":"https:\/\/www.actualidadadiario.com\/index.php\/wp-json\/wp\/v2\/posts\/48789"}],"collection":[{"href":"https:\/\/www.actualidadadiario.com\/index.php\/wp-json\/wp\/v2\/posts"}],"about":[{"href":"https:\/\/www.actualidadadiario.com\/index.php\/wp-json\/wp\/v2\/types\/post"}],"author":[{"embeddable":true,"href":"https:\/\/www.actualidadadiario.com\/index.php\/wp-json\/wp\/v2\/users\/3"}],"replies":[{"embeddable":true,"href":"https:\/\/www.actualidadadiario.com\/index.php\/wp-json\/wp\/v2\/comments?post=48789"}],"version-history":[{"count":1,"href":"https:\/\/www.actualidadadiario.com\/index.php\/wp-json\/wp\/v2\/posts\/48789\/revisions"}],"predecessor-version":[{"id":48791,"href":"https:\/\/www.actualidadadiario.com\/index.php\/wp-json\/wp\/v2\/posts\/48789\/revisions\/48791"}],"wp:featuredmedia":[{"embeddable":true,"href":"https:\/\/www.actualidadadiario.com\/index.php\/wp-json\/wp\/v2\/media\/48790"}],"wp:attachment":[{"href":"https:\/\/www.actualidadadiario.com\/index.php\/wp-json\/wp\/v2\/media?parent=48789"}],"wp:term":[{"taxonomy":"category","embeddable":true,"href":"https:\/\/www.actualidadadiario.com\/index.php\/wp-json\/wp\/v2\/categories?post=48789"},{"taxonomy":"post_tag","embeddable":true,"href":"https:\/\/www.actualidadadiario.com\/index.php\/wp-json\/wp\/v2\/tags?post=48789"}],"curies":[{"name":"wp","href":"https:\/\/api.w.org\/{rel}","templated":true}]}}