{"id":4877,"date":"2016-11-22T10:08:44","date_gmt":"2016-11-22T13:08:44","guid":{"rendered":"http:\/\/actualidadadiario.com\/site\/?p=4877"},"modified":"2016-11-22T10:08:44","modified_gmt":"2016-11-22T13:08:44","slug":"relatora-de-la-onu-dijo-que-lo-que-se-hace-en-argentina-sobre-violencia-de-genero-no-es-suficiente","status":"publish","type":"post","link":"https:\/\/www.actualidadadiario.com\/index.php\/2016\/11\/22\/relatora-de-la-onu-dijo-que-lo-que-se-hace-en-argentina-sobre-violencia-de-genero-no-es-suficiente\/","title":{"rendered":"Relatora de la ONU dijo que lo que se hace en Argentina sobre violencia de g\u00e9nero, &#8220;no es suficiente&#8221;"},"content":{"rendered":"<p><em><strong>El Estado argentino debe ponerse a la altura del reclamo del movimiento Ni Una Menos e intensificar esfuerzos y presupuestos para evitar los femicidios y otras formas de violencia de g\u00e9nero contra las mujeres, reclam\u00f3 Dubravka Simonovic<\/strong><\/em><\/p>\n<p>&nbsp;<\/p>\n<p>&nbsp;<\/p>\n<p>&nbsp;<\/p>\n<p>&nbsp;<\/p>\n<p>&nbsp;<\/p>\n<p>Respecto a la falta de aplicaci\u00f3n autom\u00e1tica del protocolo sobre aborto no punible, Simonovic hizo un llamamiento &#8220;a las autoridades federales y provinciales de la Argentina para integrar de manera plena las normas internacionales y regionales sobre los derechos de la mujer en su sistema legal&#8221;.<\/p>\n<p>&nbsp;<\/p>\n<p>La funcionaria present\u00f3 un diagn\u00f3stico de situaci\u00f3n tras reunirse con funcionarios y organizaciones no gubernamentales.<\/p>\n<p>&nbsp;<\/p>\n<p>Simonovic divulg\u00f3 un documento que sostiene que &#8220;el movimiento Ni Una Menos se adelanta al problema: el Estado debe ponerse a la par e intensificar sus esfuerzos por evitar los femicidios&#8221;.<\/p>\n<p>&nbsp;<\/p>\n<p>En una rueda de prensa en el Centro de Informaci\u00f3n de la ONU, en Recoleta, la relatora especial afirm\u00f3 que &#8220;una ley nacional que no est\u00e1 implementada es una violaci\u00f3n de derechos humanos: desafortunadamente, parece que no hay una presi\u00f3n clara, y cada distrito&#8221; decide lo que hacer, ya que s\u00f3lo ocho de las 24 jurisdicciones tienen protocolo.<\/p>\n<p>&nbsp;<\/p>\n<p>&#8220;Es importante acelerar el proceso que implemente plenamente en las provincias normas internacionales y nacionales\u201d, enfatiz\u00f3 Simonovic, quien cont\u00f3: &#8220;No he recibido una respuesta clara en una reuni\u00f3n con el intendente de San Miguel de Tucum\u00e1n (Germ\u00e1n Alfaro)&#8221;, una de las ciudades visitadas, adem\u00e1s de Jujuy y Buenos Aires.<\/p>\n<p>&nbsp;<\/p>\n<p>La funcionaria de ONU dijo que de parte de distintos funcionarios de gobierno recibi\u00f3 la respuesta &#8220;&#8216;tenemos una pol\u00edtica pro vida&#8217;; pero yo insisto en el motivo de querer aplicarse la ley nacional, y la no aplicaci\u00f3n de esa ley es una violaci\u00f3n de los derechos&#8221;.<\/p>\n<p>&nbsp;<\/p>\n<p>Acerca del permiso de interrumpir el embarazo por violaci\u00f3n, malformaciones severas del feto o riesgo de vida de la madre, &#8220;se entiende que se necesitan los protocolos y que deben elaborarse a fin de permitir estas posibilidades que son muy restrictivas todav\u00eda: en el futuro va a ser mejor tener una norma que legalice el aborto&#8221;, consider\u00f3.<\/p>\n<p>&nbsp;<\/p>\n<p>La &#8220;criminalizaci\u00f3n del aborto en general&#8221; expone a muchas mujeres a enfrentar un juicio penal, advirti\u00f3 la relatora. \u00bfTuvo oportunidad en Tucum\u00e1n de hablar espec\u00edficamente del caso de Bel\u00e9n?, le pregunt\u00f3 T\u00e9lam respecto a la joven que tuvo un aborto espont\u00e1neo en el hospital y fue encarcelada.<\/p>\n<p>&nbsp;<\/p>\n<p>&#8220;S\u00ed, averig\u00fc\u00e9 este caso a trav\u00e9s de presentaciones de organizaciones no gubernamentales y eso sucedi\u00f3 despu\u00e9s de mi reuni\u00f3n oficial, as\u00ed que no habl\u00e9 con los funcionarios sobre ese caso, pero es claro que el de Bel\u00e9n es un caso ic\u00f3nico que env\u00eda mensajes claros acerca de la implementaci\u00f3n de la ley que ya existe&#8221;.<\/p>\n<p>&nbsp;<\/p>\n<p>&#8220;Incluso durante la presentaci\u00f3n del informe al Consejo Nacional de la Mujer (liderado por Fabiana T\u00fa\u00f1ez), yo plante\u00e9 la pregunta de lo que est\u00e1 sucediendo actualmente, porque ella no est\u00e1 ahora en prisi\u00f3n, est\u00e1 tramit\u00e1ndose el procedimiento de apelaci\u00f3n, y este caso tiene que usarse para mostrar lo que no se hizo bien, y cu\u00e1les son los problemas serios para mujeres en esa situaci\u00f3n&#8221;.<\/p>\n<p>&nbsp;<\/p>\n<p>Simonovic dijo que ve &#8220;con agrado&#8221; los esfuerzos del Consejo Nacional de la Mujer para promover la implementaci\u00f3n de obligaciones internacionales; y felicita a la Oficina de la Mujer de la Corte Suprema de Justicia de reportar los casos de femicidios: 225 en 2014 y 235 en 2015, 75 por ciento de los cuales fueron intrafamiliares.<\/p>\n<p>&nbsp;<\/p>\n<p>&#8220;Solicito recursos que todav\u00eda no est\u00e1n asignados&#8221; para la implementaci\u00f3n de refugios para las v\u00edctimas de violencia de g\u00e9nero y trata de personas, que son apenas dos o tres, pidi\u00f3; y solicit\u00f3 que sean consideradas &#8220;femicidio&#8221; todas las muertes ocurridas por violencia de g\u00e9nero.<\/p>\n<p>&nbsp;<\/p>\n<p>&#8220;Es enorme el impacto de la pobreza, con obst\u00e1culos adicionales para evitar la violencia, y hay gran porcentaje de mujeres que se encuentran bajo el umbral de la pobreza&#8221;, alert\u00f3.<\/p>\n<p>&nbsp;<\/p>\n<p>Los funcionarios con los que se reuni\u00f3 la representante de ONU en esta primera visita de un Relator Especial sobre violencia contra la mujer fueron propuestos por el Gobierno; en tanto, organizaciones no gubernamentales solicitaron encuentros para plantear diferentes problemas, entre ellos, el reclamo en Jujuy del fin de encarcelamiento de la dirigente social Milagro Sala.<\/p>\n<p>&nbsp;<\/p>\n<p>&#8220;Recib\u00ed un informe completo de las organizaciones no gubernamentales sobre este y otros problemas, y este intercambio con las ONGs es muy importante porque brindan informaci\u00f3n real de la situaci\u00f3n del pa\u00eds&#8221;, balance\u00f3 Simonovic.<\/p>\n<p>&nbsp;<\/p>\n<p>&#8220;Quisiera agradecer a las mujeres y ni\u00f1as que compartieron conmigo sus historias personales confiando en m\u00ed y colocando en mis manos un pedazo de esperanza&#8221;, concluy\u00f3.<\/p>\n","protected":false},"excerpt":{"rendered":"<p>El Estado argentino debe ponerse a la altura del reclamo del movimiento Ni Una Menos e intensificar esfuerzos y presupuestos para evitar los femicidios y otras formas de violencia de g\u00e9nero contra las mujeres, reclam\u00f3 Dubravka Simonovic &nbsp; &nbsp; &nbsp; &nbsp; &nbsp; Respecto a la falta de aplicaci\u00f3n autom\u00e1tica del protocolo sobre aborto no punible, Simonovic hizo un llamamiento &#8220;a las autoridades federales y provinciales de la Argentina para integrar de manera plena las normas internacionales y regionales sobre los derechos de la mujer en su sistema legal&#8221;. &nbsp; La&#8230;<\/p>\n","protected":false},"author":3,"featured_media":4878,"comment_status":"closed","ping_status":"closed","sticky":false,"template":"","format":"standard","meta":[],"categories":[2],"tags":[],"_links":{"self":[{"href":"https:\/\/www.actualidadadiario.com\/index.php\/wp-json\/wp\/v2\/posts\/4877"}],"collection":[{"href":"https:\/\/www.actualidadadiario.com\/index.php\/wp-json\/wp\/v2\/posts"}],"about":[{"href":"https:\/\/www.actualidadadiario.com\/index.php\/wp-json\/wp\/v2\/types\/post"}],"author":[{"embeddable":true,"href":"https:\/\/www.actualidadadiario.com\/index.php\/wp-json\/wp\/v2\/users\/3"}],"replies":[{"embeddable":true,"href":"https:\/\/www.actualidadadiario.com\/index.php\/wp-json\/wp\/v2\/comments?post=4877"}],"version-history":[{"count":1,"href":"https:\/\/www.actualidadadiario.com\/index.php\/wp-json\/wp\/v2\/posts\/4877\/revisions"}],"predecessor-version":[{"id":4879,"href":"https:\/\/www.actualidadadiario.com\/index.php\/wp-json\/wp\/v2\/posts\/4877\/revisions\/4879"}],"wp:featuredmedia":[{"embeddable":true,"href":"https:\/\/www.actualidadadiario.com\/index.php\/wp-json\/wp\/v2\/media\/4878"}],"wp:attachment":[{"href":"https:\/\/www.actualidadadiario.com\/index.php\/wp-json\/wp\/v2\/media?parent=4877"}],"wp:term":[{"taxonomy":"category","embeddable":true,"href":"https:\/\/www.actualidadadiario.com\/index.php\/wp-json\/wp\/v2\/categories?post=4877"},{"taxonomy":"post_tag","embeddable":true,"href":"https:\/\/www.actualidadadiario.com\/index.php\/wp-json\/wp\/v2\/tags?post=4877"}],"curies":[{"name":"wp","href":"https:\/\/api.w.org\/{rel}","templated":true}]}}