{"id":4874,"date":"2016-11-22T10:07:28","date_gmt":"2016-11-22T13:07:28","guid":{"rendered":"http:\/\/actualidadadiario.com\/site\/?p=4874"},"modified":"2016-11-22T10:07:28","modified_gmt":"2016-11-22T13:07:28","slug":"un-gobernador-peronista-lanzo-una-remake-de-una-historica-frase-de-menem-estamos-mal-pero-vamos-bien","status":"publish","type":"post","link":"https:\/\/www.actualidadadiario.com\/index.php\/2016\/11\/22\/un-gobernador-peronista-lanzo-una-remake-de-una-historica-frase-de-menem-estamos-mal-pero-vamos-bien\/","title":{"rendered":"Un gobernador peronista lanz\u00f3 una remake de una hist\u00f3rica frase de Menem: &#8220;Estamos mal pero vamos bien&#8221;"},"content":{"rendered":"<p><em><strong>Se trata del gobernador de Salta, Juan Manuel Urtubey, que a pesar de haber sido electo por el FpV cada vez se muestra m\u00e1s cercano al macrismo. El dirigente volvi\u00f3 a asegurar que es &#8220;optimista&#8221; respecto del futuro del pa\u00eds y argument\u00f3 que se comienza &#8220;a divisar los problemas estructurales y a discutirlos&#8221;<\/strong><\/em><\/p>\n<p>&nbsp;<\/p>\n<p>&nbsp;<\/p>\n<p>&nbsp;<\/p>\n<p>&nbsp;<\/p>\n<p>&nbsp;<\/p>\n<p>&nbsp;<\/p>\n<p>A pesar de que la actividad industrial no para de caer al mismo tiempo que la inflaci\u00f3n sigue escalando, algunos dirigentes auguran buenos resultados y no paran de elogiar la gesti\u00f3n del presidente Mauricio Macri. Sorpresivamente, no se trata de funcionarios de Cambiemos, sino que en este caso fue el gobernador de Salta peronista, Juan Manuel Urtubey, quien parafrase\u00f3 una recordada frase del ex mandatario Carlos Sa\u00fal Menem para depositar su expectativa en el gobierno PRO.<\/p>\n<p>&nbsp;<\/p>\n<p>&#8220;Estamos mal pero vamos bien&#8221;, lanz\u00f3 el salte\u00f1o, en una suerte de remake de las palabras que ex jefe de Estado riojano pronunci\u00f3 por primera vez en 1990, pero que repiti\u00f3 algunas veces m\u00e1s a lo largo de sus dos mandatos.<\/p>\n<p>&nbsp;<\/p>\n<p>En el marco de su discurso en la 22\u00aa Conferencia Industrial Argentina de la UIA que se desarrolla en Santa Fe, Urtubey se mostr\u00f3 &#8220;optimista&#8221; respecto del futuro del pa\u00eds porque, seg\u00fan indic\u00f3, se empez\u00f3 &#8220;a detectar cu\u00e1les son los problemas estructurales&#8221;.<\/p>\n<p>&nbsp;<\/p>\n<p>&#8220;Cobrar impuestos distorsivos es inadmisible en el siglo XXI&#8221;, explic\u00f3 el gobernador salte\u00f1o, coquetea con el macrismo al mismo tiempo que se muestra cercano a algunos intendentes peronistas que integran el denominado Grupo Esmeralda.<\/p>\n<p>&nbsp;<\/p>\n<p>Del panel se ausentaron la mandataria PRO de Buenos Aires, Mar\u00eda Eugenia Vidal, que posterg\u00f3 su presentaci\u00f3n en la conferencia, y el de Mendoza, Alfredo Cornejo, por no poder volar hacia Buenos Aires.<\/p>\n<p>&nbsp;<\/p>\n<p>Seg\u00fan Urtubey, la Argentina empez\u00f3 a &#8220;discutir sobre cuestiones estructurales de la competitividad, saliendo de la simplificaci\u00f3n de la pol\u00edtica monetaria&#8221;, y puntualiz\u00f3 que esas tem\u00e1ticas son &#8220;energ\u00eda, transporte, comunicaciones, infraestructura, financiamiento y el costo que genera el Estado, como pol\u00edtica tributaria y cargas sociales&#8221; por lo que el pa\u00eds &#8220;debe encontrar competitividad en estos lugares&#8221;.<\/p>\n","protected":false},"excerpt":{"rendered":"<p>Se trata del gobernador de Salta, Juan Manuel Urtubey, que a pesar de haber sido electo por el FpV cada vez se muestra m\u00e1s cercano al macrismo. El dirigente volvi\u00f3 a asegurar que es &#8220;optimista&#8221; respecto del futuro del pa\u00eds y argument\u00f3 que se comienza &#8220;a divisar los problemas estructurales y a discutirlos&#8221; &nbsp; &nbsp; &nbsp; &nbsp; &nbsp; &nbsp; A pesar de que la actividad industrial no para de caer al mismo tiempo que la inflaci\u00f3n sigue escalando, algunos dirigentes auguran buenos resultados y no paran de elogiar la gesti\u00f3n&#8230;<\/p>\n","protected":false},"author":3,"featured_media":4875,"comment_status":"closed","ping_status":"closed","sticky":false,"template":"","format":"standard","meta":[],"categories":[18],"tags":[],"_links":{"self":[{"href":"https:\/\/www.actualidadadiario.com\/index.php\/wp-json\/wp\/v2\/posts\/4874"}],"collection":[{"href":"https:\/\/www.actualidadadiario.com\/index.php\/wp-json\/wp\/v2\/posts"}],"about":[{"href":"https:\/\/www.actualidadadiario.com\/index.php\/wp-json\/wp\/v2\/types\/post"}],"author":[{"embeddable":true,"href":"https:\/\/www.actualidadadiario.com\/index.php\/wp-json\/wp\/v2\/users\/3"}],"replies":[{"embeddable":true,"href":"https:\/\/www.actualidadadiario.com\/index.php\/wp-json\/wp\/v2\/comments?post=4874"}],"version-history":[{"count":1,"href":"https:\/\/www.actualidadadiario.com\/index.php\/wp-json\/wp\/v2\/posts\/4874\/revisions"}],"predecessor-version":[{"id":4876,"href":"https:\/\/www.actualidadadiario.com\/index.php\/wp-json\/wp\/v2\/posts\/4874\/revisions\/4876"}],"wp:featuredmedia":[{"embeddable":true,"href":"https:\/\/www.actualidadadiario.com\/index.php\/wp-json\/wp\/v2\/media\/4875"}],"wp:attachment":[{"href":"https:\/\/www.actualidadadiario.com\/index.php\/wp-json\/wp\/v2\/media?parent=4874"}],"wp:term":[{"taxonomy":"category","embeddable":true,"href":"https:\/\/www.actualidadadiario.com\/index.php\/wp-json\/wp\/v2\/categories?post=4874"},{"taxonomy":"post_tag","embeddable":true,"href":"https:\/\/www.actualidadadiario.com\/index.php\/wp-json\/wp\/v2\/tags?post=4874"}],"curies":[{"name":"wp","href":"https:\/\/api.w.org\/{rel}","templated":true}]}}