{"id":4871,"date":"2016-11-22T10:06:44","date_gmt":"2016-11-22T13:06:44","guid":{"rendered":"http:\/\/actualidadadiario.com\/site\/?p=4871"},"modified":"2016-11-22T10:06:44","modified_gmt":"2016-11-22T13:06:44","slug":"el-indio-solari-tocara-en-olavarria-a-20-anos-de-un-hecho-historico","status":"publish","type":"post","link":"https:\/\/www.actualidadadiario.com\/index.php\/2016\/11\/22\/el-indio-solari-tocara-en-olavarria-a-20-anos-de-un-hecho-historico\/","title":{"rendered":"El Indio Solari tocar\u00e1 en Olavarr\u00eda a 20 a\u00f1os de un hecho hist\u00f3rico"},"content":{"rendered":"<p><em><strong>En 1997 los m\u00fasicos de Patricio Rey y sus Redonditos de Ricota dieron la \u00fanica conferencia de prensa de su historia, despu\u00e9s de que por razones pol\u00edticas suspendieran su recital en la ciudad del sur de Buenos Aires. Ahora, el ex cantante de la m\u00edtica banda se tomar\u00e1 revancha tras la negativa de Tandil<\/strong><\/em><\/p>\n<p>&nbsp;<\/p>\n<p>&nbsp;<\/p>\n<p>&nbsp;<\/p>\n<p>&nbsp;<\/p>\n<p>Carlos &#8220;Indio&#8221; Solari confirm\u00f3 que vuelve a los escenarios el 11 de marzo del 2017 en el Predio Rural La Colmena de Olavarr\u00eda. El ex cantante de Patricio rey y sus Redonditos de Ricota se presentar\u00e1 en la ciudad del sur de la provincia de Buenos Aires despu\u00e9s de la negativa de Tandil, y del ofrecimiento de otros dos municipios para recibirlo.<\/p>\n<p>&nbsp;<\/p>\n<p>El show del Indio en Olavarr\u00eda no ser\u00e1 uno m\u00e1s por varios motivos. Por un lado ser\u00e1 el primer recital del m\u00fasico tras anunciar que tiene Parkinson, y muchos especulan con que tal vez sea su \u00faltima presentaci\u00f3n. Por otro, ser\u00e1 una especie de revancha para el p\u00fablico ricotero a 20 a\u00f1os de un hecho hist\u00f3rico.<\/p>\n<p>&nbsp;<\/p>\n<p>En agosto de 1997 Patricio Rey y sus Redonditos de Ricota ten\u00edan planeado realizar un recital en Olavarr\u00eda, pero horas antes del mismo fue suspendido por una decisi\u00f3n pol\u00edtica. \u00bfEl motivo? Un supuesto miedo de las autoridades locales por los desmanes que pudieran llegar a ocasionar los j\u00f3venes que all\u00ed fueran. A\u00f1os despu\u00e9s se supo que estuvo involucrada la SIDE menemista.<\/p>\n<p>&nbsp;<\/p>\n<p>Ante esto, los m\u00fasicos brindaron la primera y \u00fanica conferencia de prensa de su historia y qued\u00f3 en el recuerdo de todos los fans ricoteros que ahora tendr\u00e1n su segunda oportunidad.<\/p>\n","protected":false},"excerpt":{"rendered":"<p>En 1997 los m\u00fasicos de Patricio Rey y sus Redonditos de Ricota dieron la \u00fanica conferencia de prensa de su historia, despu\u00e9s de que por razones pol\u00edticas suspendieran su recital en la ciudad del sur de Buenos Aires. Ahora, el ex cantante de la m\u00edtica banda se tomar\u00e1 revancha tras la negativa de Tandil &nbsp; &nbsp; &nbsp; &nbsp; Carlos &#8220;Indio&#8221; Solari confirm\u00f3 que vuelve a los escenarios el 11 de marzo del 2017 en el Predio Rural La Colmena de Olavarr\u00eda. El ex cantante de Patricio rey y sus Redonditos&#8230;<\/p>\n","protected":false},"author":3,"featured_media":4872,"comment_status":"closed","ping_status":"closed","sticky":false,"template":"","format":"standard","meta":[],"categories":[4],"tags":[],"_links":{"self":[{"href":"https:\/\/www.actualidadadiario.com\/index.php\/wp-json\/wp\/v2\/posts\/4871"}],"collection":[{"href":"https:\/\/www.actualidadadiario.com\/index.php\/wp-json\/wp\/v2\/posts"}],"about":[{"href":"https:\/\/www.actualidadadiario.com\/index.php\/wp-json\/wp\/v2\/types\/post"}],"author":[{"embeddable":true,"href":"https:\/\/www.actualidadadiario.com\/index.php\/wp-json\/wp\/v2\/users\/3"}],"replies":[{"embeddable":true,"href":"https:\/\/www.actualidadadiario.com\/index.php\/wp-json\/wp\/v2\/comments?post=4871"}],"version-history":[{"count":1,"href":"https:\/\/www.actualidadadiario.com\/index.php\/wp-json\/wp\/v2\/posts\/4871\/revisions"}],"predecessor-version":[{"id":4873,"href":"https:\/\/www.actualidadadiario.com\/index.php\/wp-json\/wp\/v2\/posts\/4871\/revisions\/4873"}],"wp:featuredmedia":[{"embeddable":true,"href":"https:\/\/www.actualidadadiario.com\/index.php\/wp-json\/wp\/v2\/media\/4872"}],"wp:attachment":[{"href":"https:\/\/www.actualidadadiario.com\/index.php\/wp-json\/wp\/v2\/media?parent=4871"}],"wp:term":[{"taxonomy":"category","embeddable":true,"href":"https:\/\/www.actualidadadiario.com\/index.php\/wp-json\/wp\/v2\/categories?post=4871"},{"taxonomy":"post_tag","embeddable":true,"href":"https:\/\/www.actualidadadiario.com\/index.php\/wp-json\/wp\/v2\/tags?post=4871"}],"curies":[{"name":"wp","href":"https:\/\/api.w.org\/{rel}","templated":true}]}}