{"id":4865,"date":"2016-11-22T10:04:55","date_gmt":"2016-11-22T13:04:55","guid":{"rendered":"http:\/\/actualidadadiario.com\/site\/?p=4865"},"modified":"2016-11-22T10:04:55","modified_gmt":"2016-11-22T13:04:55","slug":"la-uia-vuelve-a-alertar-sobre-el-retroceso-que-sufren-las-pymes-industriales","status":"publish","type":"post","link":"https:\/\/www.actualidadadiario.com\/index.php\/2016\/11\/22\/la-uia-vuelve-a-alertar-sobre-el-retroceso-que-sufren-las-pymes-industriales\/","title":{"rendered":"La UIA vuelve a alertar sobre el retroceso que sufren las pymes industriales"},"content":{"rendered":"<p><em><strong>Durante el acto de apertura de la 22\u00aa Conferencia de la Uni\u00f3n Industrial Argentina (UIA), el presidente del evento advirti\u00f3 sobre la ca\u00edda del 9 por ciento interanual en la producci\u00f3n de las pymes industriales<\/strong><\/em><\/p>\n<p>&nbsp;<\/p>\n<p>&nbsp;<\/p>\n<p>&nbsp;<\/p>\n<p>&nbsp;<\/p>\n<p>Entre este lunes y el martes se lleva a cabo en Parque Norte la 22\u00aa Conferencia Industrial Argentina, organizada por la UIA, en la que hizo el discurso de apertura el industrial aceitero y presidente de la Conferencia, Miguel Acevedo.<\/p>\n<p>&nbsp;<\/p>\n<p>En su discurso, el dirigente empresarial alert\u00f3 sobre la dif\u00edcil situaci\u00f3n que atraviesan las pymes industriales, que registraron una ca\u00edda en el segundo trimestre cercano al 9 por ciento interanual.<\/p>\n<p>&nbsp;<\/p>\n<p>Entre las causas de esta fuerte ca\u00edda est\u00e1n las menores exportaciones, el menor dinamismo del mercado interno en un contexto de amenaza exportadora a lo que se suman los costos crecientes en energ\u00eda, log\u00edstica y acceso financiero.<\/p>\n<p>&nbsp;<\/p>\n<p>Como muchos industriales y empresarios que ven caer las ventas y el consumo y las exportaciones desde diciembre del a\u00f1o pasado, Acevedo es ahora un cr\u00edtico a la gesti\u00f3n econ\u00f3mico de Mauricio Macri, luego de haber ponderado su elecci\u00f3n como presidente.<\/p>\n<p>&nbsp;<\/p>\n<p>D\u00edas atr\u00e1s, declaraba al diario La Naci\u00f3n: &#8220;A comienzo de este a\u00f1o \u00e9ramos m\u00e1s optimistas. Para esta \u00e9poca est\u00e1bamos esperando, por ah\u00ed, m\u00e1s inversiones o m\u00e1s dinamismo y esto viene m\u00e1s lento&#8221;.<\/p>\n","protected":false},"excerpt":{"rendered":"<p>Durante el acto de apertura de la 22\u00aa Conferencia de la Uni\u00f3n Industrial Argentina (UIA), el presidente del evento advirti\u00f3 sobre la ca\u00edda del 9 por ciento interanual en la producci\u00f3n de las pymes industriales &nbsp; &nbsp; &nbsp; &nbsp; Entre este lunes y el martes se lleva a cabo en Parque Norte la 22\u00aa Conferencia Industrial Argentina, organizada por la UIA, en la que hizo el discurso de apertura el industrial aceitero y presidente de la Conferencia, Miguel Acevedo. &nbsp; En su discurso, el dirigente empresarial alert\u00f3 sobre la dif\u00edcil&#8230;<\/p>\n","protected":false},"author":3,"featured_media":4866,"comment_status":"closed","ping_status":"closed","sticky":false,"template":"","format":"standard","meta":[],"categories":[9],"tags":[],"_links":{"self":[{"href":"https:\/\/www.actualidadadiario.com\/index.php\/wp-json\/wp\/v2\/posts\/4865"}],"collection":[{"href":"https:\/\/www.actualidadadiario.com\/index.php\/wp-json\/wp\/v2\/posts"}],"about":[{"href":"https:\/\/www.actualidadadiario.com\/index.php\/wp-json\/wp\/v2\/types\/post"}],"author":[{"embeddable":true,"href":"https:\/\/www.actualidadadiario.com\/index.php\/wp-json\/wp\/v2\/users\/3"}],"replies":[{"embeddable":true,"href":"https:\/\/www.actualidadadiario.com\/index.php\/wp-json\/wp\/v2\/comments?post=4865"}],"version-history":[{"count":1,"href":"https:\/\/www.actualidadadiario.com\/index.php\/wp-json\/wp\/v2\/posts\/4865\/revisions"}],"predecessor-version":[{"id":4867,"href":"https:\/\/www.actualidadadiario.com\/index.php\/wp-json\/wp\/v2\/posts\/4865\/revisions\/4867"}],"wp:featuredmedia":[{"embeddable":true,"href":"https:\/\/www.actualidadadiario.com\/index.php\/wp-json\/wp\/v2\/media\/4866"}],"wp:attachment":[{"href":"https:\/\/www.actualidadadiario.com\/index.php\/wp-json\/wp\/v2\/media?parent=4865"}],"wp:term":[{"taxonomy":"category","embeddable":true,"href":"https:\/\/www.actualidadadiario.com\/index.php\/wp-json\/wp\/v2\/categories?post=4865"},{"taxonomy":"post_tag","embeddable":true,"href":"https:\/\/www.actualidadadiario.com\/index.php\/wp-json\/wp\/v2\/tags?post=4865"}],"curies":[{"name":"wp","href":"https:\/\/api.w.org\/{rel}","templated":true}]}}