{"id":48646,"date":"2019-07-30T09:43:15","date_gmt":"2019-07-30T12:43:15","guid":{"rendered":"https:\/\/www.actualidadadiario.com\/?p=48646"},"modified":"2019-07-30T09:43:15","modified_gmt":"2019-07-30T12:43:15","slug":"la-agenda-de-alberto-fernandez-en-parana","status":"publish","type":"post","link":"https:\/\/www.actualidadadiario.com\/index.php\/2019\/07\/30\/la-agenda-de-alberto-fernandez-en-parana\/","title":{"rendered":"La agenda de Alberto Fern\u00e1ndez en Paran\u00e1"},"content":{"rendered":"\n<p><strong><em>El pre candidato a Presidente del Frente de Todos estar\u00e1 este martes en la capital entrerriana. Brindar\u00e1 una conferencia y se reunir\u00e1 con distintos sectores<\/em><\/strong><\/p>\n\n\n\n<p><\/p>\n\n\n\n<p><\/p>\n\n\n\n<p>Alberto Fern\u00e1ndez llegar\u00e1 este martes a Paran\u00e1 en el marco\nde su campa\u00f1a presidencial de cara a las elecciones primarias. El precandidato\ndel Frente de Todos brindar\u00e1 una conferencia de prensa y luego se reunir\u00e1 con\nrepresentantes de distintos sectores, tal como hizo en Santa Fe la semana\npasada.<\/p>\n\n\n\n<p><strong>La agenda<\/strong><\/p>\n\n\n\n<p>\u2013 <strong>10.30:<\/strong>\nconferencia de prensa sala Centro Provincial de Convenciones.<\/p>\n\n\n\n<p>\u2013 <strong>11.30:<\/strong>\nencuentro con sectores Pyme y productivos.<\/p>\n\n\n\n<p>\u2013 <strong>13.30:<\/strong>\nencuentro con j\u00f3venes emprendedores, universitarios, gremialistas, deportistas\ny profesionales con la participaci\u00f3n de intendentes y legisladores en el Club\nParacao.<\/p>\n\n\n\n<p>\u2013 <strong>16.00:<\/strong> visita\nal Laboratorio Lafedar (Laboratorios Federales Argentinos) en el Parque\nIndustrial. Dicho laboratorio surge en Paran\u00e1 a fines de 1995, como modelo de\nuna moderna y pujante industria farmac\u00e9utica nacional independiente. Es una\nempresa dedicada al desarrollo y a la elaboraci\u00f3n de especialidades\nmedicinales.<\/p>\n","protected":false},"excerpt":{"rendered":"<p>El pre candidato a Presidente del Frente de Todos estar\u00e1 este martes en la capital entrerriana. Brindar\u00e1 una conferencia y se reunir\u00e1 con distintos sectores Alberto Fern\u00e1ndez llegar\u00e1 este martes a Paran\u00e1 en el marco de su campa\u00f1a presidencial de cara a las elecciones primarias. El precandidato del Frente de Todos brindar\u00e1 una conferencia de prensa y luego se reunir\u00e1 con representantes de distintos sectores, tal como hizo en Santa Fe la semana pasada. La agenda \u2013 10.30: conferencia de prensa sala Centro Provincial de Convenciones. \u2013 11.30: encuentro con&#8230;<\/p>\n","protected":false},"author":3,"featured_media":48647,"comment_status":"closed","ping_status":"closed","sticky":false,"template":"","format":"standard","meta":[],"categories":[15],"tags":[],"_links":{"self":[{"href":"https:\/\/www.actualidadadiario.com\/index.php\/wp-json\/wp\/v2\/posts\/48646"}],"collection":[{"href":"https:\/\/www.actualidadadiario.com\/index.php\/wp-json\/wp\/v2\/posts"}],"about":[{"href":"https:\/\/www.actualidadadiario.com\/index.php\/wp-json\/wp\/v2\/types\/post"}],"author":[{"embeddable":true,"href":"https:\/\/www.actualidadadiario.com\/index.php\/wp-json\/wp\/v2\/users\/3"}],"replies":[{"embeddable":true,"href":"https:\/\/www.actualidadadiario.com\/index.php\/wp-json\/wp\/v2\/comments?post=48646"}],"version-history":[{"count":1,"href":"https:\/\/www.actualidadadiario.com\/index.php\/wp-json\/wp\/v2\/posts\/48646\/revisions"}],"predecessor-version":[{"id":48648,"href":"https:\/\/www.actualidadadiario.com\/index.php\/wp-json\/wp\/v2\/posts\/48646\/revisions\/48648"}],"wp:featuredmedia":[{"embeddable":true,"href":"https:\/\/www.actualidadadiario.com\/index.php\/wp-json\/wp\/v2\/media\/48647"}],"wp:attachment":[{"href":"https:\/\/www.actualidadadiario.com\/index.php\/wp-json\/wp\/v2\/media?parent=48646"}],"wp:term":[{"taxonomy":"category","embeddable":true,"href":"https:\/\/www.actualidadadiario.com\/index.php\/wp-json\/wp\/v2\/categories?post=48646"},{"taxonomy":"post_tag","embeddable":true,"href":"https:\/\/www.actualidadadiario.com\/index.php\/wp-json\/wp\/v2\/tags?post=48646"}],"curies":[{"name":"wp","href":"https:\/\/api.w.org\/{rel}","templated":true}]}}