{"id":48643,"date":"2019-07-30T09:42:28","date_gmt":"2019-07-30T12:42:28","guid":{"rendered":"https:\/\/www.actualidadadiario.com\/?p=48643"},"modified":"2019-07-30T09:42:28","modified_gmt":"2019-07-30T12:42:28","slug":"el-gobierno-organizara-actos-por-los-25-anos-de-la-reforma-constitucional","status":"publish","type":"post","link":"https:\/\/www.actualidadadiario.com\/index.php\/2019\/07\/30\/el-gobierno-organizara-actos-por-los-25-anos-de-la-reforma-constitucional\/","title":{"rendered":"El Gobierno organizar\u00e1 actos por los 25 a\u00f1os de la reforma constitucional"},"content":{"rendered":"\n<p><strong><em>En agosto se cumplen 25 a\u00f1os de la sanci\u00f3n de la Reforma de la Constituci\u00f3n Nacional que fue sancionada el 22 de agosto en 1994 en la provincia de Santa Fe y jurada dos d\u00edas despu\u00e9s en Entre R\u00edos<\/em><\/strong><\/p>\n\n\n\n<p><\/p>\n\n\n\n<p><\/p>\n\n\n\n<p>El Gobierno organizar\u00e1 una serie de actos conmemorativos con\nmotivo de cumplirse el 25\u00b0 aniversario de la sanci\u00f3n de la Reforma de la\nConstituci\u00f3n Nacional, sancionada el 22 de agosto en 1994 en la provincia de\nSanta Fe y jurada dos d\u00edas despu\u00e9s en Entre R\u00edos.<\/p>\n\n\n\n<p>As\u00ed lo dispuso el Decreto 520\/2019 publicado este martes en\nel Bolet\u00edn Oficial con las firmas del presidente Mauricio Macri y el jefe de\nGabinete, Marcos Pe\u00f1a. <\/p>\n\n\n\n<p>Las ceremonias se desarrollar\u00e1n entre los d\u00edas 14 y 24 de\nagosto y en ese contexto se convoca a los restantes poderes del Estado\nNacional, a las provincias y a los municipios a participar de los mismos. <\/p>\n\n\n\n<p>Mediante la normativa tambi\u00e9n se dispone la creaci\u00f3n de la\nMedalla Conmemorativa de los 25 a\u00f1os de la Reforma, que les ser\u00e1 entregada en\nel marco de una ceremonia oficial, a los convencionales constituyentes, en\nreconocimiento por el trabajo desempe\u00f1ado.<\/p>\n\n\n\n<p>Entre los considerandos, se destaca que se presenta\n&#8220;una oportunidad excepcional para promover los valores contenidos en\nnuestra Carta Magna y revitalizar los ideales que ella nos propone,\nreconociendo el protagonismo y la robustez que los principios constitucionales\ndeben tener en toda sociedad democr\u00e1tica&#8221;. <\/p>\n\n\n\n<p>La Convenci\u00f3n Nacional Constituyente sesion\u00f3 en el Paraninfo\nde la Universidad Nacional del Litoral, en la ciudad de Santa Fe, y en el\nTeatro Municipal Tres de Febrero, en la ciudad de Paran\u00e1, entre el 25 de mayo y\nel 22 de agosto, jur\u00e1ndose finalmente la reforma el 24 de agosto en el Palacio\nSan Jos\u00e9, monumento hist\u00f3rico nacional ubicado en Concepci\u00f3n del Uruguay. <\/p>\n\n\n\n<p><strong>El siguiente es el\ntexto de la parte resolutiva del Decreto 520\/2019:<\/strong><\/p>\n\n\n\n<p><strong>ART\u00cdCULO 1\u00ba.-<\/strong>\nDisp\u00f3nese la celebraci\u00f3n de los festejos conmemorativos del Vig\u00e9simo Quinto\nAniversario de la sanci\u00f3n de la Reforma de la Constituci\u00f3n Nacional, jurada el\nd\u00eda 24 de agosto de 1994.<\/p>\n\n\n\n<p><strong>ART\u00cdCULO 2\u00ba.-<\/strong> La\nJefatura de Gabinete de Ministros, conjuntamente con los Ministerios y\nSecretar\u00edas de la Presidencia de la Naci\u00f3n, en la medida de sus competencias,\ndispondr\u00e1 el dise\u00f1o y la planificaci\u00f3n de las acciones espec\u00edficas relacionadas\ncon la organizaci\u00f3n y ejecuci\u00f3n de los actos conmemorativos y festejos a\ndesarrollarse entre los d\u00edas 14 y 24 de agosto de 2019.<\/p>\n\n\n\n<p><strong>ART\u00cdCULO 3\u00ba.-<\/strong>\nCr\u00e9ase la Medalla Conmemorativa de los veinticinco (25) a\u00f1os de la Reforma\nConstitucional del a\u00f1o 1994, la que ser\u00e1 entregada en reconocimiento a la labor\ndesempe\u00f1ada por los y las Convencionales Constituyentes en la ceremonia oficial\nque se organice a tal efecto.<\/p>\n\n\n\n<p><strong>ART\u00cdCULO 4\u00ba.-<\/strong>\nInv\u00edtase a los restantes poderes del Estado Nacional, a las Provincias, a la\nCiudad Aut\u00f3noma de Buenos Aires y a los municipios a participar de los\nhomenajes dispuestos a trav\u00e9s del presente<\/p>\n","protected":false},"excerpt":{"rendered":"<p>En agosto se cumplen 25 a\u00f1os de la sanci\u00f3n de la Reforma de la Constituci\u00f3n Nacional que fue sancionada el 22 de agosto en 1994 en la provincia de Santa Fe y jurada dos d\u00edas despu\u00e9s en Entre R\u00edos El Gobierno organizar\u00e1 una serie de actos conmemorativos con motivo de cumplirse el 25\u00b0 aniversario de la sanci\u00f3n de la Reforma de la Constituci\u00f3n Nacional, sancionada el 22 de agosto en 1994 en la provincia de Santa Fe y jurada dos d\u00edas despu\u00e9s en Entre R\u00edos. As\u00ed lo dispuso el Decreto&#8230;<\/p>\n","protected":false},"author":3,"featured_media":48644,"comment_status":"closed","ping_status":"closed","sticky":false,"template":"","format":"standard","meta":[],"categories":[9],"tags":[],"_links":{"self":[{"href":"https:\/\/www.actualidadadiario.com\/index.php\/wp-json\/wp\/v2\/posts\/48643"}],"collection":[{"href":"https:\/\/www.actualidadadiario.com\/index.php\/wp-json\/wp\/v2\/posts"}],"about":[{"href":"https:\/\/www.actualidadadiario.com\/index.php\/wp-json\/wp\/v2\/types\/post"}],"author":[{"embeddable":true,"href":"https:\/\/www.actualidadadiario.com\/index.php\/wp-json\/wp\/v2\/users\/3"}],"replies":[{"embeddable":true,"href":"https:\/\/www.actualidadadiario.com\/index.php\/wp-json\/wp\/v2\/comments?post=48643"}],"version-history":[{"count":1,"href":"https:\/\/www.actualidadadiario.com\/index.php\/wp-json\/wp\/v2\/posts\/48643\/revisions"}],"predecessor-version":[{"id":48645,"href":"https:\/\/www.actualidadadiario.com\/index.php\/wp-json\/wp\/v2\/posts\/48643\/revisions\/48645"}],"wp:featuredmedia":[{"embeddable":true,"href":"https:\/\/www.actualidadadiario.com\/index.php\/wp-json\/wp\/v2\/media\/48644"}],"wp:attachment":[{"href":"https:\/\/www.actualidadadiario.com\/index.php\/wp-json\/wp\/v2\/media?parent=48643"}],"wp:term":[{"taxonomy":"category","embeddable":true,"href":"https:\/\/www.actualidadadiario.com\/index.php\/wp-json\/wp\/v2\/categories?post=48643"},{"taxonomy":"post_tag","embeddable":true,"href":"https:\/\/www.actualidadadiario.com\/index.php\/wp-json\/wp\/v2\/tags?post=48643"}],"curies":[{"name":"wp","href":"https:\/\/api.w.org\/{rel}","templated":true}]}}