{"id":48640,"date":"2019-07-30T09:41:46","date_gmt":"2019-07-30T12:41:46","guid":{"rendered":"https:\/\/www.actualidadadiario.com\/?p=48640"},"modified":"2019-07-30T09:41:46","modified_gmt":"2019-07-30T12:41:46","slug":"afirman-que-la-nueva-pastera-de-uruguay-es-mucho-mas-peligrosa-y-nociva","status":"publish","type":"post","link":"https:\/\/www.actualidadadiario.com\/index.php\/2019\/07\/30\/afirman-que-la-nueva-pastera-de-uruguay-es-mucho-mas-peligrosa-y-nociva\/","title":{"rendered":"Afirman que la nueva pastera de Uruguay &#8220;es mucho m\u00e1s peligrosa y nociva&#8221;"},"content":{"rendered":"\n<p><strong><em>La directora de Medio Ambiente de Gualeguaych\u00fa dijo que la protesta contra UPM2 &#8220;est\u00e1 debidamente fundamentada y no es el capricho de nadie. Hay gente que la cuestiona y pone el dinero por encima de la salud y del ambiente&#8221;<\/em><\/strong><\/p>\n\n\n\n<p><\/p>\n\n\n\n<p><\/p>\n\n\n\n<p>La titular del \u00e1rea de Medio Ambiente de Gualeguaych\u00fa,\nSusana Villamonte, se mostr\u00f3 &#8220;sorprendida en un principio&#8221; por una\neditorial publicado en diario Clar\u00edn con la firma de Ricardo Roa, pero\n&#8220;luego nos enteramos que es un viejo conocido de la Asamblea Ambiental\nGualeguaych\u00fa, en el sentido del discurso que tiene y que en otras \u00e9pocas\ntambi\u00e9n public\u00f3 art\u00edculos a favor de las pasteras. Ahora volvi\u00f3 al\nataque&#8221;, dijo.<\/p>\n\n\n\n<p>Villamonte afirm\u00f3 que la protesta de &#8220;Gualeguaych\u00fa est\u00e1\ndebidamente fundamentada y no es el capricho de nadie&#8221;. &#8220;Hay gente\nque cuestiona una protesta leg\u00edtima y pone el dinero por encima de la salud y\ndel ambiente en general, y en Gualeguaych\u00fa tenemos un compromiso ambiental que\nbaja como un eje pol\u00edtico del Intendente donde primero est\u00e1 la salud y luego\nver de qu\u00e9 manera sustentable se puede producir en un ambiente sano&#8221;,\nopin\u00f3.<\/p>\n\n\n\n<p>La funcionaria asegur\u00f3 que la nueva pastera &#8220;es mucho\nm\u00e1s peligrosa y nociva que la que se encuentra en Fray Bentos&#8221;, debido a\nque su producci\u00f3n la duplica y trabajar\u00e1 sobre un R\u00edo Negro que est\u00e1 altamente\nimpactado y que tiene mucho menos caudal de agua que el Uruguay&#8221;.<\/p>\n\n\n\n<p><strong>Los monitoreos<\/strong><\/p>\n\n\n\n<p>La Comisi\u00f3n Administradora del R\u00edo Uruguay (CARU) tiene que\nelevar la informaci\u00f3n del impacto que ocasionar\u00e1 en el medio ambiente una\nplanta de esta naturaleza, para luego informar, entre ellos a la Municipalidad\nde Gualeguaych\u00fa, de manera oficial las consecuencias, &#8220;aunque\nextraoficialmente contamos con mucha informaci\u00f3n&#8221;, indic\u00f3 la funcionaria.<\/p>\n\n\n\n<p>La CARU es quien realiza el monitoreo en el R\u00edo Uruguay,\nacompa\u00f1ada por un integrante de la Secretaria de Ambiente de Entre R\u00edos.\nVillamonte record\u00f3 que en el inicio de la gesti\u00f3n de Mart\u00edn Piaggio, &#8220;nos\ninvitaban a formar parte de ese monitoreo, pero despu\u00e9s no recibimos m\u00e1s\ninvitaciones&#8221;. Y el municipio &#8220;tiene marcado inter\u00e9s en formar parte\nde los monitoreos que se realizan en el Uruguay&#8221;.<\/p>\n\n\n\n<p>El r\u00edo Gualeguaych\u00fa &#8220;se monitorea en forma permanente y\nde forma completa, en otras ocasiones playas, y si se da alguna contingencia se\nrealiza un estudio especial&#8221;. Y sobre argumentos iniciales de que el\nParque Industrial y las empresas que operan contaminan m\u00e1s el r\u00edo Gualeguaych\u00fa\ny el Uruguay que la pastera misma, Villamonte mencion\u00f3 que &#8220;es imposible\ndimensionar la pastera que est\u00e1 en funcionamiento con el Parque Industrial de\nla ciudad, con efluentes que no llegan siquiera a la d\u00e9cima parte de lo que\npodr\u00eda llegar a contaminar una papelera&#8221;.<\/p>\n\n\n\n<p>Agreg\u00f3 que en estos tres a\u00f1os y medio de gesti\u00f3n se ha hecho\nun trabajo y diagn\u00f3stico del Parque Industrial, que &#8220;hoy est\u00e1\nsaneado&#8221;. &#8220;Esto lo demuestran los an\u00e1lisis que estamos haciendo en la\nsalida de los efluentes en el Parque, donde el agua no tiene ning\u00fan tipo de\nalteraci\u00f3n&#8221;.<\/p>\n\n\n\n<p><strong>&#8220;Tirar la\npelota&#8221;<\/strong><\/p>\n\n\n\n<p>Por otro lado, &#8220;sin que el fallo de La Haya lo\nexigiera, se estableci\u00f3 un muestreo en la boca del r\u00edo Gualeguaych\u00fa, que\ndesestima opiniones de la misma CARU que indica que Gualeguaych\u00fa tiene\ncontaminantes, sin mencionar que en el lugar se produce un reflujo en la Boca\nque no permite determinar fehacientemente de d\u00f3nde salen contaminantes que\nsupuestamente se encuentran en el lugar&#8221;. Opin\u00f3 que &#8220;se trata de una\nfalacia&#8221;, y de &#8220;tirar la pelota para otro lado, sin asumir que las\npasteras son las que originan graves riesgos para la salud&#8221;.<\/p>\n\n\n\n<p>Indic\u00f3 que &#8220;la contaminaci\u00f3n gaseosa es tan o m\u00e1s grave\nque la que puede llegar por agua&#8221;, debido a que &#8220;lo que sale de la\nboca de las chimeneas se precipita sobre un curso de agua, suelo, y puede\nacarrear serias complicaciones en la salud&#8221;. Record\u00f3 que las investigaciones\nest\u00e1n a cargo de la Direcci\u00f3n Nacional de Medio Ambiente (DINAMA) en la\nRep\u00fablica Oriental del Uruguay, y a nuestro pa\u00eds &#8220;no se le permite hacer\nun control sobre la contaminaci\u00f3n gaseosa, es decir del particulado&#8221;.<\/p>\n\n\n\n<p>La funcionaria explic\u00f3 que en este lado del charco, se hac\u00eda\n&#8220;un monitoreo con un equipo de la Conea, en un momento, compartido por\nNaci\u00f3n y Provincia, pero luego se desmantel\u00f3 y hoy se est\u00e1 tratando de\nreacomodar ese equipo y volver a colocarlo en la zona rural de Costa Uruguay,\ndonde la pluma del efluente gaseoso de Botnia llega con m\u00e1s intensidad&#8221;.\nAcot\u00f3 que el municipio junto a la Asamblea Ambiental y otras organizaciones no\ngubernamentales de la ciudad &#8220;hemos reclamado a provincia y Naci\u00f3n por el\ncontrol de los efluentes gaseosos&#8221;.<\/p>\n\n\n\n<p>Esto es un conflicto binacional, donde el municipio\n&#8220;patalea todo el tiempo, pero no puede solucionar cuestiones que tiene que\nresolver Naci\u00f3n y Provincia&#8221;. Todo indica que &#8220;Uruguay se va a\nconvertir en un polo pastero en la regi\u00f3n&#8221;. Y fundament\u00f3 su opini\u00f3n con\nejemplos como el hecho de que en el vecino pa\u00eds &#8220;hace 25 a\u00f1os que se viene\nplantando una especie de eucaliptus que utilizan las plantas de celulosa&#8221;,\ny, ahora, con la confirmaci\u00f3n de la construcci\u00f3n de una nueva planta fabril.<\/p>\n\n\n\n<p>Por \u00faltimo record\u00f3 palabras del ex fiscal de la Rep\u00fablica\nOriental del Uruguay, Enrique Viana Ferreira, quien denunci\u00f3 que\n&#8220;determinadas industrias que no tienen lugar por ser contaminantes en su\npa\u00eds y continente, buscan globos de ensayos que terminan siendo estados\ncontratados, con acuerdos que muchas veces est\u00e1n por encima de la Constituci\u00f3n\nde la naci\u00f3n afectada&#8221;, en este caso la Rep\u00fablica Oriental del Uruguay.<\/p>\n","protected":false},"excerpt":{"rendered":"<p>La directora de Medio Ambiente de Gualeguaych\u00fa dijo que la protesta contra UPM2 &#8220;est\u00e1 debidamente fundamentada y no es el capricho de nadie. Hay gente que la cuestiona y pone el dinero por encima de la salud y del ambiente&#8221; La titular del \u00e1rea de Medio Ambiente de Gualeguaych\u00fa, Susana Villamonte, se mostr\u00f3 &#8220;sorprendida en un principio&#8221; por una editorial publicado en diario Clar\u00edn con la firma de Ricardo Roa, pero &#8220;luego nos enteramos que es un viejo conocido de la Asamblea Ambiental Gualeguaych\u00fa, en el sentido del discurso que&#8230;<\/p>\n","protected":false},"author":3,"featured_media":48641,"comment_status":"closed","ping_status":"closed","sticky":false,"template":"","format":"standard","meta":[],"categories":[15],"tags":[],"_links":{"self":[{"href":"https:\/\/www.actualidadadiario.com\/index.php\/wp-json\/wp\/v2\/posts\/48640"}],"collection":[{"href":"https:\/\/www.actualidadadiario.com\/index.php\/wp-json\/wp\/v2\/posts"}],"about":[{"href":"https:\/\/www.actualidadadiario.com\/index.php\/wp-json\/wp\/v2\/types\/post"}],"author":[{"embeddable":true,"href":"https:\/\/www.actualidadadiario.com\/index.php\/wp-json\/wp\/v2\/users\/3"}],"replies":[{"embeddable":true,"href":"https:\/\/www.actualidadadiario.com\/index.php\/wp-json\/wp\/v2\/comments?post=48640"}],"version-history":[{"count":1,"href":"https:\/\/www.actualidadadiario.com\/index.php\/wp-json\/wp\/v2\/posts\/48640\/revisions"}],"predecessor-version":[{"id":48642,"href":"https:\/\/www.actualidadadiario.com\/index.php\/wp-json\/wp\/v2\/posts\/48640\/revisions\/48642"}],"wp:featuredmedia":[{"embeddable":true,"href":"https:\/\/www.actualidadadiario.com\/index.php\/wp-json\/wp\/v2\/media\/48641"}],"wp:attachment":[{"href":"https:\/\/www.actualidadadiario.com\/index.php\/wp-json\/wp\/v2\/media?parent=48640"}],"wp:term":[{"taxonomy":"category","embeddable":true,"href":"https:\/\/www.actualidadadiario.com\/index.php\/wp-json\/wp\/v2\/categories?post=48640"},{"taxonomy":"post_tag","embeddable":true,"href":"https:\/\/www.actualidadadiario.com\/index.php\/wp-json\/wp\/v2\/tags?post=48640"}],"curies":[{"name":"wp","href":"https:\/\/api.w.org\/{rel}","templated":true}]}}