{"id":48635,"date":"2019-07-30T09:40:28","date_gmt":"2019-07-30T12:40:28","guid":{"rendered":"https:\/\/www.actualidadadiario.com\/?p=48635"},"modified":"2019-07-30T09:40:28","modified_gmt":"2019-07-30T12:40:28","slug":"casaretto-y-cora-destacaron-la-necesidad-de-que-haya-un-gobierno-nacional-que-apueste-a-la-creacion-de-trabajo","status":"publish","type":"post","link":"https:\/\/www.actualidadadiario.com\/index.php\/2019\/07\/30\/casaretto-y-cora-destacaron-la-necesidad-de-que-haya-un-gobierno-nacional-que-apueste-a-la-creacion-de-trabajo\/","title":{"rendered":"Casaretto y Cora destacaron la necesidad de que haya un gobierno nacional \u201cque apueste a la creaci\u00f3n de trabajo\u201d"},"content":{"rendered":"\n<p><strong><em>Los candidatos a diputado y a senadora nacional, Marcelo Casaretto y Stefan\u00eda Cora, visitaron Gualeguaych\u00fa. Compartieron actividades con el intendente Mart\u00edn Piaggio y coincidieron en &#8220;la necesidad de que haya un gobierno nacional que apueste a la creaci\u00f3n de trabajo&#8221;<\/em><\/strong><\/p>\n\n\n\n<p><\/p>\n\n\n\n<p><\/p>\n\n\n\n<p>&#8220;Vamos a acompa\u00f1ar desde la Naci\u00f3n, con Alberto y\nCristina, para que todos los entrerrianos cuenten con el apoyo del Estado\nnacional, afirm\u00f3 Cora. En tanto, Casaretto sostuvo que &#8220;hay que revertir\nesta realidad con un modelo productivo que aliente el funcionamiento de las\nempresas y as\u00ed generar m\u00e1s puestos de trabajo, mediante la recuperaci\u00f3n del\nmercado interno&#8221;.<\/p>\n\n\n\n<p>Durante su visita Cora mantuvo encuentros con diferentes\nsectores de la sociedad y destac\u00f3 el &#8220;contundente triunfo del candidato\nlocal Martin Piaggio y del gobernador Gustavo Bordet&#8221;.<\/p>\n\n\n\n<p>La candidata m\u00e1s joven a integrar el Senado de la Naci\u00f3n se\nreuni\u00f3 con mujeres de la localidad del sur entrerriano en el espacio Guiar.\n\u201cQuienes militamos sostenidamente por la justicia de g\u00e9nero sabemos que con\nAlberto y Cristina vamos a construir los derechos por los que militamos d\u00eda a\nd\u00eda&#8221;.<\/p>\n\n\n\n<p>La actual concejala de Paran\u00e1 tambi\u00e9n se reuni\u00f3 con\nestudiantes de la ciudad. Le contaron las estrategias que llevan adelante para\nseguir estudiando a pesar del gran ajuste que cambiemos impone en la educaci\u00f3n\np\u00fablica. En esa l\u00ednea, Cora sostuvo que \u201ces clave que Alberto y Cristina\nconduzcan los destinos de la patria para que las y los j\u00f3venes no sean\nexcluidos y estigmatizados\u201d.<\/p>\n\n\n\n<p>Ambos candidatos participaron tambi\u00e9n de la conferencia de\nprensa en la sede del PJ, junto a las autoridades de la ciudad.<\/p>\n\n\n\n<p>&#8220;Hace cuatro a\u00f1os que la Argentina vive un modelo que\nperjudic\u00f3 claramente a la econom\u00eda de los argentinos: creci\u00f3 la desocupaci\u00f3n,\naument\u00f3 la pobreza, cay\u00f3 la actividad industrial, se derrumb\u00f3 la construcci\u00f3n,\nla inflaci\u00f3n es muy grande y todos los dem\u00e1s indicadores son muy\nnegativos&#8221;, describi\u00f3 en ese marco Casaretto.<\/p>\n\n\n\n<p>El actual titular del IAPV, afirm\u00f3 en ese sentido que\n&#8220;hay que revertir esta realidad con un modelo productivo que aliente el\nfuncionamiento de las empresas y as\u00ed generar m\u00e1s puestos de trabajo, mediante\nla recuperaci\u00f3n del mercado interno&#8221;.<\/p>\n\n\n\n<p>&#8220;No solo esto es importante, sino que un intendente\nc\u00f3mo Mart\u00edn Piaggio en Gualeguaych\u00fa podr\u00e1 trabajar mejor si en la Provincia y\nen la Naci\u00f3n hay un mismo pensamiento pol\u00edtico, con los mismos objetivos y proyectos&#8221;,\ncontinu\u00f3.<\/p>\n\n\n\n<p>Por \u00faltimo, Casaretto record\u00f3 que &#8220;en Entre R\u00edos ya lo\nlogramos con la reelecci\u00f3n de Gustavo Bordet. Los entrerrianos le dieron el\napoyo incondicional. Y en Argentina va a ser posible con Alberto y Cristina en\nla presidencia y la vicepresidencia. As\u00ed todos vamos a tener futuro&#8221;.<\/p>\n","protected":false},"excerpt":{"rendered":"<p>Los candidatos a diputado y a senadora nacional, Marcelo Casaretto y Stefan\u00eda Cora, visitaron Gualeguaych\u00fa. Compartieron actividades con el intendente Mart\u00edn Piaggio y coincidieron en &#8220;la necesidad de que haya un gobierno nacional que apueste a la creaci\u00f3n de trabajo&#8221; &#8220;Vamos a acompa\u00f1ar desde la Naci\u00f3n, con Alberto y Cristina, para que todos los entrerrianos cuenten con el apoyo del Estado nacional, afirm\u00f3 Cora. En tanto, Casaretto sostuvo que &#8220;hay que revertir esta realidad con un modelo productivo que aliente el funcionamiento de las empresas y as\u00ed generar m\u00e1s puestos&#8230;<\/p>\n","protected":false},"author":3,"featured_media":48636,"comment_status":"closed","ping_status":"closed","sticky":false,"template":"","format":"standard","meta":[],"categories":[15],"tags":[],"_links":{"self":[{"href":"https:\/\/www.actualidadadiario.com\/index.php\/wp-json\/wp\/v2\/posts\/48635"}],"collection":[{"href":"https:\/\/www.actualidadadiario.com\/index.php\/wp-json\/wp\/v2\/posts"}],"about":[{"href":"https:\/\/www.actualidadadiario.com\/index.php\/wp-json\/wp\/v2\/types\/post"}],"author":[{"embeddable":true,"href":"https:\/\/www.actualidadadiario.com\/index.php\/wp-json\/wp\/v2\/users\/3"}],"replies":[{"embeddable":true,"href":"https:\/\/www.actualidadadiario.com\/index.php\/wp-json\/wp\/v2\/comments?post=48635"}],"version-history":[{"count":1,"href":"https:\/\/www.actualidadadiario.com\/index.php\/wp-json\/wp\/v2\/posts\/48635\/revisions"}],"predecessor-version":[{"id":48637,"href":"https:\/\/www.actualidadadiario.com\/index.php\/wp-json\/wp\/v2\/posts\/48635\/revisions\/48637"}],"wp:featuredmedia":[{"embeddable":true,"href":"https:\/\/www.actualidadadiario.com\/index.php\/wp-json\/wp\/v2\/media\/48636"}],"wp:attachment":[{"href":"https:\/\/www.actualidadadiario.com\/index.php\/wp-json\/wp\/v2\/media?parent=48635"}],"wp:term":[{"taxonomy":"category","embeddable":true,"href":"https:\/\/www.actualidadadiario.com\/index.php\/wp-json\/wp\/v2\/categories?post=48635"},{"taxonomy":"post_tag","embeddable":true,"href":"https:\/\/www.actualidadadiario.com\/index.php\/wp-json\/wp\/v2\/tags?post=48635"}],"curies":[{"name":"wp","href":"https:\/\/api.w.org\/{rel}","templated":true}]}}