{"id":48632,"date":"2019-07-30T09:39:45","date_gmt":"2019-07-30T12:39:45","guid":{"rendered":"https:\/\/www.actualidadadiario.com\/?p=48632"},"modified":"2019-07-30T09:39:45","modified_gmt":"2019-07-30T12:39:45","slug":"busti-cruzo-a-macri-por-la-defensa-sur-de-concordia","status":"publish","type":"post","link":"https:\/\/www.actualidadadiario.com\/index.php\/2019\/07\/30\/busti-cruzo-a-macri-por-la-defensa-sur-de-concordia\/","title":{"rendered":"Busti cruz\u00f3 a Macri por la Defensa Sur de Concordia"},"content":{"rendered":"\n<p><strong><em>\u201cLe quiero aclarar al se\u00f1or presidente Mauricio Macri que la obra de la Defensa Sur de Concordia que hoy recorri\u00f3 como si hubiese sido una realizaci\u00f3n de su gobierno, en realidad se ide\u00f3 y concret\u00f3 en una gesti\u00f3n peronista, durante mi segundo mandato como gobernador (1995-1999)\u201d, remarc\u00f3 el ex gobernador Jorge Busti, luego de la visita presidencial a la Capital del Citrus<\/em><\/strong><\/p>\n\n\n\n<p><\/p>\n\n\n\n<p><\/p>\n\n\n\n<p>\u201cM\u00e1s precisamente, la Defensa Sur se inici\u00f3 en el a\u00f1o 1995\nen base a un proyecto de la Direcci\u00f3n de Hidr\u00e1ulica de nuestra provincia. Luego\nde distintas gestiones con la Naci\u00f3n se logr\u00f3 el ansiado financiamiento (como\nprimer reconocimiento por los da\u00f1os producidos por el funcionamiento de Salto\nGrande) por parte de la Secretar\u00eda de Energ\u00eda de la Naci\u00f3n, para realizar una\nobra que ten\u00eda en ese entonces un costo de 5.200.000 d\u00f3lares\u201d, se\u00f1al\u00f3 el\nexgobernador.<\/p>\n\n\n\n<p>En ese sentido, agreg\u00f3: \u201cEn 2017 -bajo la actual gesti\u00f3n de\nMacri- se inaugur\u00f3 una restauraci\u00f3n y puesta en valor de un murall\u00f3n construido\ncasi dos d\u00e9cadas antes. Nada m\u00e1s que eso. Los concordienses (no\n&#8220;concordianos&#8221;, como dijo el presidente) que viven en la zona sur de\nla ciudad lo saben perfectamente, m\u00e1s all\u00e1 del marketing electoralista que\nintentan imprimirle a la campa\u00f1a a dos semanas de las PASO\u201d asest\u00f3 Busti en un\ncomunicado enviado a esta Agencia.<\/p>\n\n\n\n<p>&#8220;Esta obra fue el fruto de un movimiento encabezado por\nla Comunidad de la Gruta de Lourdes y por el Padre Andr\u00e9s Serv\u00edn, un incansable\nluchador por los barrios de la zona sur de Concordia\u201d.<\/p>\n\n\n\n<p>\u201cAunque estos se\u00f1ores que hoy nos gobiernan no lo quieran\ncreer, la historia de nuestra ciudad tiene sus gestores y luchadores que la\nfueron realizando con esfuerzo, tenacidad y reconocimientos, much\u00edsimo antes\nque llegara la ceocracia porte\u00f1a con una visi\u00f3n m\u00e1gica que nos pretende hacer\ncreer que en unos a\u00f1os se hizo o se cambi\u00f3 todo\u201d.<\/p>\n\n\n\n<p>Por \u00faltimo, Busti especific\u00f3 que \u201cfue la Defensa Sur la obra\nclave que permiti\u00f3 que miles de familias de la zona sur dejaran de pasar\nangustias y zozobras con cada crecida del r\u00edo Uruguay, que le ocasionaban\np\u00e9rdidas y desarraigo\u201d. <\/p>\n","protected":false},"excerpt":{"rendered":"<p>\u201cLe quiero aclarar al se\u00f1or presidente Mauricio Macri que la obra de la Defensa Sur de Concordia que hoy recorri\u00f3 como si hubiese sido una realizaci\u00f3n de su gobierno, en realidad se ide\u00f3 y concret\u00f3 en una gesti\u00f3n peronista, durante mi segundo mandato como gobernador (1995-1999)\u201d, remarc\u00f3 el ex gobernador Jorge Busti, luego de la visita presidencial a la Capital del Citrus \u201cM\u00e1s precisamente, la Defensa Sur se inici\u00f3 en el a\u00f1o 1995 en base a un proyecto de la Direcci\u00f3n de Hidr\u00e1ulica de nuestra provincia. Luego de distintas gestiones&#8230;<\/p>\n","protected":false},"author":3,"featured_media":48633,"comment_status":"closed","ping_status":"closed","sticky":false,"template":"","format":"standard","meta":[],"categories":[15],"tags":[],"_links":{"self":[{"href":"https:\/\/www.actualidadadiario.com\/index.php\/wp-json\/wp\/v2\/posts\/48632"}],"collection":[{"href":"https:\/\/www.actualidadadiario.com\/index.php\/wp-json\/wp\/v2\/posts"}],"about":[{"href":"https:\/\/www.actualidadadiario.com\/index.php\/wp-json\/wp\/v2\/types\/post"}],"author":[{"embeddable":true,"href":"https:\/\/www.actualidadadiario.com\/index.php\/wp-json\/wp\/v2\/users\/3"}],"replies":[{"embeddable":true,"href":"https:\/\/www.actualidadadiario.com\/index.php\/wp-json\/wp\/v2\/comments?post=48632"}],"version-history":[{"count":1,"href":"https:\/\/www.actualidadadiario.com\/index.php\/wp-json\/wp\/v2\/posts\/48632\/revisions"}],"predecessor-version":[{"id":48634,"href":"https:\/\/www.actualidadadiario.com\/index.php\/wp-json\/wp\/v2\/posts\/48632\/revisions\/48634"}],"wp:featuredmedia":[{"embeddable":true,"href":"https:\/\/www.actualidadadiario.com\/index.php\/wp-json\/wp\/v2\/media\/48633"}],"wp:attachment":[{"href":"https:\/\/www.actualidadadiario.com\/index.php\/wp-json\/wp\/v2\/media?parent=48632"}],"wp:term":[{"taxonomy":"category","embeddable":true,"href":"https:\/\/www.actualidadadiario.com\/index.php\/wp-json\/wp\/v2\/categories?post=48632"},{"taxonomy":"post_tag","embeddable":true,"href":"https:\/\/www.actualidadadiario.com\/index.php\/wp-json\/wp\/v2\/tags?post=48632"}],"curies":[{"name":"wp","href":"https:\/\/api.w.org\/{rel}","templated":true}]}}