{"id":48629,"date":"2019-07-30T09:39:02","date_gmt":"2019-07-30T12:39:02","guid":{"rendered":"https:\/\/www.actualidadadiario.com\/?p=48629"},"modified":"2019-07-30T09:39:02","modified_gmt":"2019-07-30T12:39:02","slug":"empresa-avicola-proyecta-ampliar-su-produccion-en-entre-rios","status":"publish","type":"post","link":"https:\/\/www.actualidadadiario.com\/index.php\/2019\/07\/30\/empresa-avicola-proyecta-ampliar-su-produccion-en-entre-rios\/","title":{"rendered":"Empresa av\u00edcola proyecta ampliar su producci\u00f3n en Entre R\u00edos"},"content":{"rendered":"\n<p><strong><em>El gobernador Gustavo Bordet recibi\u00f3 este lunes al presidente del frigor\u00edfico Las Camelias, Ra\u00fal Mars\u00f3, y se interioriz\u00f3 del proyecto de ampliaci\u00f3n de la planta de faena que generar\u00e1 nuevas fuentes de trabajo, mayor producci\u00f3n y crecimiento de las exportaciones<\/em><\/strong><\/p>\n\n\n\n<p><\/p>\n\n\n\n<p><\/p>\n\n\n\n<p>&#8220;Nos gusta tener informadas a nuestras autoridades\nsobre lo que estamos haciendo porque eso posibilita que las decisiones que se\ndeben tomar, y que a veces est\u00e1n demoradas, se vean como necesarias y se valore\nsu utilidad&#8221;, indic\u00f3 el presidente de Las Camelias luego del encuentro,\ndel que tambi\u00e9n particip\u00f3 el ministro de Econom\u00eda, Hugo Ballay.<\/p>\n\n\n\n<p>El empresario precis\u00f3 que piensan ampliar la planta de faena\npara tener un 15 por ciento m\u00e1s de capacidad de la que tienen actualmente.\n&#8220;Eso lleva a realizar inversiones en la propia planta pero adem\u00e1s\nnecesitamos fuentes, suministro de energ\u00eda el\u00e9ctrica, granjas y el lugar donde\nnos vamos a ubicar. Por eso es importante conocer de nuestro gobernador y\nnuestro ministro cuales son los proyectos que tiene la provincia para ponernos\nen l\u00ednea&#8221;, sostuvo Mars\u00f3.<\/p>\n\n\n\n<p>Consider\u00f3 la reuni\u00f3n &#8220;muy fruct\u00edfera&#8221; y destac\u00f3 la\npredisposici\u00f3n del gobernador a &#8220;ayudar, adem\u00e1s mostr\u00f3 mucho conocimiento\nde lo que es la actividad av\u00edcola en general, y de Las Camelias en particular,\ny lo v\u00ed con mucha predisposici\u00f3n ante estas inversiones que queremos\nhacerSe\u00f1al\u00f3 que la ampliaci\u00f3n de la planta de faena permitir\u00e1 unos 60 puestos\ndirectos de trabajo, pero &#8220;esto se va a multiplicar por dos porque tenemos\ngranjas que habr\u00e1 que construir, granjeros nuevos que se deber\u00e1n desarrollar en\nel transcurso de dos a\u00f1os; 60 familias m\u00e1s que seguramente vamos a ayudar a que\nest\u00e9n radicadas en el campo entrerriano y muchos servicios, como el\ntransporte&#8221;.<\/p>\n\n\n\n<p>&#8220;Creo que no menos de 150 puestos en total se van a crear,\nde los cuales nuestra empresa emplear\u00e1 en forma directa a unas 60 u 80 personas\ny el resto son servicios que vamos a ir tomando&#8221;, detall\u00f3.<\/p>\n\n\n\n<p>Precis\u00f3 que en Las Camelias actualmente trabajan 1180\npersonas y esto ser\u00eda agregar un 5 por ciento m\u00e1s de personal al esquema global\nde la empresa. En la planta de faena trabajan 700 personas, y estamos hablando\nde poner un 10 por ciento m\u00e1s de personal&#8221;.<\/p>\n\n\n\n<p>Indic\u00f3 que la empresa faena 500 toneladas por d\u00eda de\nproductos y queremos llegar a 600 toneladas. B\u00e1sicamente producimos pollos\nenteros y trozados y deshuesados; vamos por m\u00e1s cantidad de estos productos, de\nlos cuales un 38 por ciento se exportan, y aspiramos a lograr un 45 por ciento\nen los pr\u00f3ximos dos a\u00f1os&#8221;.<\/p>\n\n\n\n<p>Para ello, agreg\u00f3, &#8220;hay que tener capacidad productiva\npor un lado y capacidad de fr\u00edo, por otro, porque estos productos se venden\ncongelados y esto implica importantes inversiones energ\u00e9ticas y de\nequipamiento, que es lo que vinimos a comentarle al gobernador, qu\u00e9 vamos a\nhacer nosotros y qu\u00e9 necesitamos que la provincia haga para acompa\u00f1ar este\nproyecto&#8221;.<\/p>\n\n\n\n<p>&#8220;Tenemos las puertas abiertas e invitamos al gobernador\na que nos visite, porque tenemos varios proyectos para llevar adelante, caminos\ny desarrollos locales que queremos hacer y si lo podemos lograr, invitamos al\ngobernador para julio de 2021 a inaugurar esta obra&#8221;, finaliz\u00f3.<\/p>\n","protected":false},"excerpt":{"rendered":"<p>El gobernador Gustavo Bordet recibi\u00f3 este lunes al presidente del frigor\u00edfico Las Camelias, Ra\u00fal Mars\u00f3, y se interioriz\u00f3 del proyecto de ampliaci\u00f3n de la planta de faena que generar\u00e1 nuevas fuentes de trabajo, mayor producci\u00f3n y crecimiento de las exportaciones &#8220;Nos gusta tener informadas a nuestras autoridades sobre lo que estamos haciendo porque eso posibilita que las decisiones que se deben tomar, y que a veces est\u00e1n demoradas, se vean como necesarias y se valore su utilidad&#8221;, indic\u00f3 el presidente de Las Camelias luego del encuentro, del que tambi\u00e9n particip\u00f3&#8230;<\/p>\n","protected":false},"author":3,"featured_media":48630,"comment_status":"closed","ping_status":"closed","sticky":false,"template":"","format":"standard","meta":[],"categories":[15],"tags":[],"_links":{"self":[{"href":"https:\/\/www.actualidadadiario.com\/index.php\/wp-json\/wp\/v2\/posts\/48629"}],"collection":[{"href":"https:\/\/www.actualidadadiario.com\/index.php\/wp-json\/wp\/v2\/posts"}],"about":[{"href":"https:\/\/www.actualidadadiario.com\/index.php\/wp-json\/wp\/v2\/types\/post"}],"author":[{"embeddable":true,"href":"https:\/\/www.actualidadadiario.com\/index.php\/wp-json\/wp\/v2\/users\/3"}],"replies":[{"embeddable":true,"href":"https:\/\/www.actualidadadiario.com\/index.php\/wp-json\/wp\/v2\/comments?post=48629"}],"version-history":[{"count":1,"href":"https:\/\/www.actualidadadiario.com\/index.php\/wp-json\/wp\/v2\/posts\/48629\/revisions"}],"predecessor-version":[{"id":48631,"href":"https:\/\/www.actualidadadiario.com\/index.php\/wp-json\/wp\/v2\/posts\/48629\/revisions\/48631"}],"wp:featuredmedia":[{"embeddable":true,"href":"https:\/\/www.actualidadadiario.com\/index.php\/wp-json\/wp\/v2\/media\/48630"}],"wp:attachment":[{"href":"https:\/\/www.actualidadadiario.com\/index.php\/wp-json\/wp\/v2\/media?parent=48629"}],"wp:term":[{"taxonomy":"category","embeddable":true,"href":"https:\/\/www.actualidadadiario.com\/index.php\/wp-json\/wp\/v2\/categories?post=48629"},{"taxonomy":"post_tag","embeddable":true,"href":"https:\/\/www.actualidadadiario.com\/index.php\/wp-json\/wp\/v2\/tags?post=48629"}],"curies":[{"name":"wp","href":"https:\/\/api.w.org\/{rel}","templated":true}]}}