{"id":48626,"date":"2019-07-30T09:38:25","date_gmt":"2019-07-30T12:38:25","guid":{"rendered":"https:\/\/www.actualidadadiario.com\/?p=48626"},"modified":"2019-07-30T09:38:25","modified_gmt":"2019-07-30T12:38:25","slug":"entregaron-computadoras-a-establecimientos-sanitarios-de-la-region-de-salto-grande","status":"publish","type":"post","link":"https:\/\/www.actualidadadiario.com\/index.php\/2019\/07\/30\/entregaron-computadoras-a-establecimientos-sanitarios-de-la-region-de-salto-grande\/","title":{"rendered":"Entregaron computadoras a establecimientos sanitarios de la Regi\u00f3n de Salto Grande"},"content":{"rendered":"\n<p><strong><em>El Ministerio de Salud de la Provincia entreg\u00f3 computadoras a ocho centros de salud y de referencia de los departamentos Concordia, Federaci\u00f3n y San Salvador. Los equipos permitir\u00e1n optimizar los procesos administrativos de las instituciones sanitarias<\/em><\/strong><\/p>\n\n\n\n<p><\/p>\n\n\n\n<p><\/p>\n\n\n\n<p>Durante un acto realizado en el sal\u00f3n de usos m\u00faltiples del\ncentro de salud Martina Caminal de Concordia, el Ministerio de Salud formaliz\u00f3\nla entrega de equipamiento inform\u00e1tico para ocho establecimientos de atenci\u00f3n\nprimaria de la Regi\u00f3n de Salto Grande. La actividad, presidida por el\nSecretario de Salud, Mario Imaz, se enmarca en las pol\u00edticas sanitarias\ntendientes a favorecer el acceso a tecnolog\u00eda que permita optimizar los\nprocesos administrativos y, de este modo, mejorar la calidad de atenci\u00f3n.<\/p>\n\n\n\n<p>En la apertura del acto formal Imaz, se dirigi\u00f3 a los\npresentes felicit\u00e1ndolos por haberse hecho acreedores del equipamiento a partir\nde las acciones impulsadas por cada una de las instituciones y destac\u00f3: \u201cLa\ntecnolog\u00eda sirve y ayuda mucho, pero el v\u00ednculo en la atenci\u00f3n es lo que debe\nprimar hacia los pacientes as\u00ed que espero que estos equipos les sean de suma\nutilidad, pero sin perder de vista que del otro lado estamos atendiendo a\npersonas que tienen necesidades y donde los centros de salud, por su cercan\u00eda con\nlos pacientes, tienen un rol fundamental\u201d.<\/p>\n\n\n\n<p>Tambi\u00e9n recalc\u00f3 el rol del Centro Caminal \u201cpor su estado de\nconservaci\u00f3n y la tarea que realizan por la salud de los concordienses\u201d y\ntrasmiti\u00f3 a todos los trabajadores presentes el agradecimiento por la labor que\ncumplen.<\/p>\n\n\n\n<p>El director del centro de salud Caminal, Gerardo Rebot,\nagradeci\u00f3 a las autoridades por las herramientas inform\u00e1ticas entregadas,\nbrindando de esta manera mejores posibilidades ya que los equipos provistos\npermitir\u00e1n mejorar las prestaciones.<\/p>\n\n\n\n<p>Cabe citar que del acto participaron adem\u00e1s la directora de\nProgramas Especiales de la cartera, Miriam Gauna, as\u00ed como la coordinadora\ndepartamental, Susana Calvo.<\/p>\n\n\n\n<p><strong>Entrega de equipos<\/strong><\/p>\n\n\n\n<p>Los equipos inform\u00e1ticos fueron provistos en el marco del\nProyecto de Protecci\u00f3n de la Poblaci\u00f3n Vulnerable Contra las Enfermedades\nCr\u00f3nicas No Transmisibles (Proteger), una estrategia que efect\u00faa un abordaje\nintegral de la salud para la prevenci\u00f3n y el control de las enfermedades\ncr\u00f3nicas.<\/p>\n\n\n\n<p>En ese sentido los efectores seleccionados poseen mayor\nporcentaje de poblaci\u00f3n vulnerable y con capacidad de respuesta para abordar\nproblemas complejos como son las patolog\u00edas cr\u00f3nicas no transmisibles. Incluso,\nalgunos de estos establecimientos, han adecuado su estructura de funcionamiento\npara ampliar la atenci\u00f3n de estos pacientes.<\/p>\n\n\n\n<p>Con esta premisa este martes se entregaron computadoras al\nhospital Felipe Heras de Concordia as\u00ed como a los centros de atenci\u00f3n primaria\nCaminal (Concordia); La Bianca (Concordia); Ilia (Colonia Roca) y Ayu\u00ed (Colonia\nAyu\u00ed). En tanto que para el departamento Federaci\u00f3n se hizo lo propio con el\nTagliapietra de Chajar\u00ed y el Centro Integrado Comunitario (CIC) de Villa del\nRosario. Finalmente se entreg\u00f3 al Pancho Ram\u00edrez de San Salvador.<\/p>\n","protected":false},"excerpt":{"rendered":"<p>El Ministerio de Salud de la Provincia entreg\u00f3 computadoras a ocho centros de salud y de referencia de los departamentos Concordia, Federaci\u00f3n y San Salvador. Los equipos permitir\u00e1n optimizar los procesos administrativos de las instituciones sanitarias Durante un acto realizado en el sal\u00f3n de usos m\u00faltiples del centro de salud Martina Caminal de Concordia, el Ministerio de Salud formaliz\u00f3 la entrega de equipamiento inform\u00e1tico para ocho establecimientos de atenci\u00f3n primaria de la Regi\u00f3n de Salto Grande. La actividad, presidida por el Secretario de Salud, Mario Imaz, se enmarca en las&#8230;<\/p>\n","protected":false},"author":3,"featured_media":48627,"comment_status":"closed","ping_status":"closed","sticky":false,"template":"","format":"standard","meta":[],"categories":[15],"tags":[],"_links":{"self":[{"href":"https:\/\/www.actualidadadiario.com\/index.php\/wp-json\/wp\/v2\/posts\/48626"}],"collection":[{"href":"https:\/\/www.actualidadadiario.com\/index.php\/wp-json\/wp\/v2\/posts"}],"about":[{"href":"https:\/\/www.actualidadadiario.com\/index.php\/wp-json\/wp\/v2\/types\/post"}],"author":[{"embeddable":true,"href":"https:\/\/www.actualidadadiario.com\/index.php\/wp-json\/wp\/v2\/users\/3"}],"replies":[{"embeddable":true,"href":"https:\/\/www.actualidadadiario.com\/index.php\/wp-json\/wp\/v2\/comments?post=48626"}],"version-history":[{"count":1,"href":"https:\/\/www.actualidadadiario.com\/index.php\/wp-json\/wp\/v2\/posts\/48626\/revisions"}],"predecessor-version":[{"id":48628,"href":"https:\/\/www.actualidadadiario.com\/index.php\/wp-json\/wp\/v2\/posts\/48626\/revisions\/48628"}],"wp:featuredmedia":[{"embeddable":true,"href":"https:\/\/www.actualidadadiario.com\/index.php\/wp-json\/wp\/v2\/media\/48627"}],"wp:attachment":[{"href":"https:\/\/www.actualidadadiario.com\/index.php\/wp-json\/wp\/v2\/media?parent=48626"}],"wp:term":[{"taxonomy":"category","embeddable":true,"href":"https:\/\/www.actualidadadiario.com\/index.php\/wp-json\/wp\/v2\/categories?post=48626"},{"taxonomy":"post_tag","embeddable":true,"href":"https:\/\/www.actualidadadiario.com\/index.php\/wp-json\/wp\/v2\/tags?post=48626"}],"curies":[{"name":"wp","href":"https:\/\/api.w.org\/{rel}","templated":true}]}}