{"id":4862,"date":"2016-11-22T10:04:06","date_gmt":"2016-11-22T13:04:06","guid":{"rendered":"http:\/\/actualidadadiario.com\/site\/?p=4862"},"modified":"2016-11-22T10:04:06","modified_gmt":"2016-11-22T13:04:06","slug":"aldo-pignanelli-como-lavagna-todo-indica-que-estamos-yendo-a-un-colapso","status":"publish","type":"post","link":"https:\/\/www.actualidadadiario.com\/index.php\/2016\/11\/22\/aldo-pignanelli-como-lavagna-todo-indica-que-estamos-yendo-a-un-colapso\/","title":{"rendered":"Aldo Pignanelli, como Lavagna: &#8221;Todo indica que estamos yendo a un colapso&#8221;"},"content":{"rendered":"<p><em><strong>El ex titular del Banco Central coincidi\u00f3 con Roberto Lavagna al referirse al plan econ\u00f3mico de la Alianza Cambiemos, y en las similitudes del modelo de Macri y el de la dictadura. &#8220;Y es lo que hay que evitar&#8221;, casi suplic\u00f3<\/strong><\/em><\/p>\n<p>&nbsp;<\/p>\n<p>&nbsp;<\/p>\n<p>&nbsp;<\/p>\n<p>&nbsp;<\/p>\n<p>El economista Aldo Pignanelli asegur\u00f3 que la Argentina ir\u00e1 hacia un &#8220;colapso&#8221; si el Gobierno no cambia el rumbo de sus medidas econ\u00f3micas. El ex presidente del Banco Central coincidi\u00f3 as\u00ed con la definici\u00f3n de Roberto Lavagna, que en las \u00faltimas horas se refiri\u00f3 de la misma manera al plan econ\u00f3mico de la alianza pol\u00edtica Cambiemos.<\/p>\n<p>&nbsp;<\/p>\n<p>A Pignanelli le citaron la frase de Lavagna y respondi\u00f3: &#8220;S\u00ed (se puede ir hacia un colapso) porque as\u00ed lo dice la historia. Cuando se aplic\u00f3 este tipo de medidas, generalmente se termin\u00f3 en un problema serio, como en los a\u00f1os 90 o en los 70&#8221;.<\/p>\n<p>&nbsp;<\/p>\n<p>&nbsp;<\/p>\n<p>&#8220;Y es lo que hay que evitar&#8221;, resumi\u00f3, al tiempo que aclar\u00f3 que cuando \u00e9l y Lavagna compararon a Cambiemos con la \u00faltima Dictadura Militar no lo hicieron en t\u00e9rmicos pol\u00edticos, sino desde el punto de vista de que las medidas econ\u00f3micas &#8220;se parecen&#8221;.<\/p>\n<p>&nbsp;<\/p>\n<p>En declaraciones a radio Del Plata, enumer\u00f3: &#8220;Alta tasa de inter\u00e9s, alto endeudamiento, fuerte d\u00e9ficit fiscal, ca\u00edda del salario, que la renta financiera sea m\u00e1s importante que la productiva. Todo eso, si no se corrige a tiempo, es lo que nos trae los problemas del colapso&#8221;.<\/p>\n<p>&nbsp;<\/p>\n<p>Pignanelli indic\u00f3 que el colapso se podr\u00eda producir cuando el mercado financiero internacional deje de prestarle dinero a la Argentina, momento en el que el Gobierno se ver\u00e1 obligado a realizar un &#8220;ajuste m\u00e1s dr\u00e1stico&#8221;.<\/p>\n","protected":false},"excerpt":{"rendered":"<p>El ex titular del Banco Central coincidi\u00f3 con Roberto Lavagna al referirse al plan econ\u00f3mico de la Alianza Cambiemos, y en las similitudes del modelo de Macri y el de la dictadura. &#8220;Y es lo que hay que evitar&#8221;, casi suplic\u00f3 &nbsp; &nbsp; &nbsp; &nbsp; El economista Aldo Pignanelli asegur\u00f3 que la Argentina ir\u00e1 hacia un &#8220;colapso&#8221; si el Gobierno no cambia el rumbo de sus medidas econ\u00f3micas. El ex presidente del Banco Central coincidi\u00f3 as\u00ed con la definici\u00f3n de Roberto Lavagna, que en las \u00faltimas horas se refiri\u00f3 de&#8230;<\/p>\n","protected":false},"author":3,"featured_media":4863,"comment_status":"closed","ping_status":"closed","sticky":false,"template":"","format":"standard","meta":[],"categories":[18],"tags":[],"_links":{"self":[{"href":"https:\/\/www.actualidadadiario.com\/index.php\/wp-json\/wp\/v2\/posts\/4862"}],"collection":[{"href":"https:\/\/www.actualidadadiario.com\/index.php\/wp-json\/wp\/v2\/posts"}],"about":[{"href":"https:\/\/www.actualidadadiario.com\/index.php\/wp-json\/wp\/v2\/types\/post"}],"author":[{"embeddable":true,"href":"https:\/\/www.actualidadadiario.com\/index.php\/wp-json\/wp\/v2\/users\/3"}],"replies":[{"embeddable":true,"href":"https:\/\/www.actualidadadiario.com\/index.php\/wp-json\/wp\/v2\/comments?post=4862"}],"version-history":[{"count":1,"href":"https:\/\/www.actualidadadiario.com\/index.php\/wp-json\/wp\/v2\/posts\/4862\/revisions"}],"predecessor-version":[{"id":4864,"href":"https:\/\/www.actualidadadiario.com\/index.php\/wp-json\/wp\/v2\/posts\/4862\/revisions\/4864"}],"wp:featuredmedia":[{"embeddable":true,"href":"https:\/\/www.actualidadadiario.com\/index.php\/wp-json\/wp\/v2\/media\/4863"}],"wp:attachment":[{"href":"https:\/\/www.actualidadadiario.com\/index.php\/wp-json\/wp\/v2\/media?parent=4862"}],"wp:term":[{"taxonomy":"category","embeddable":true,"href":"https:\/\/www.actualidadadiario.com\/index.php\/wp-json\/wp\/v2\/categories?post=4862"},{"taxonomy":"post_tag","embeddable":true,"href":"https:\/\/www.actualidadadiario.com\/index.php\/wp-json\/wp\/v2\/tags?post=4862"}],"curies":[{"name":"wp","href":"https:\/\/api.w.org\/{rel}","templated":true}]}}