{"id":48608,"date":"2019-07-29T10:33:20","date_gmt":"2019-07-29T13:33:20","guid":{"rendered":"https:\/\/www.actualidadadiario.com\/?p=48608"},"modified":"2019-07-29T10:33:20","modified_gmt":"2019-07-29T13:33:20","slug":"bolsonaro-amenaza-con-meter-preso-al-periodista-que-revelo-las-escuchas-de-moro","status":"publish","type":"post","link":"https:\/\/www.actualidadadiario.com\/index.php\/2019\/07\/29\/bolsonaro-amenaza-con-meter-preso-al-periodista-que-revelo-las-escuchas-de-moro\/","title":{"rendered":"Bolsonaro amenaza con meter preso al periodista que revel\u00f3 las escuchas de Moro"},"content":{"rendered":"\n<p><strong><em>Llam\u00f3 &#8220;sinverg\u00fcenza&#8221; al estadounidense Glenn Greenwald por casarse con un brasile\u00f1o y adoptar un ni\u00f1o<\/em><\/strong><\/p>\n\n\n\n<p><\/p>\n\n\n\n<p><\/p>\n\n\n\n<p>El Presidente de Brasil, Jair Bolsonaro dijo este s\u00e1bado en\nun comentario a los periodistas durante un evento militar en R\u00edo de Janeiro,\nque el periodista y director del medio digital The Intercept podr\u00eda ir a la\nc\u00e1rcel.<\/p>\n\n\n\n<p>Sucedi\u00f3 cuando la prensa indagaba sobre la \u00faltima medida\ndada a conocer por su ministro de Justicia, Sergio Moro, que anunci\u00f3 que busca\nla deportaci\u00f3n sumaria o cancelaci\u00f3n del plazo de estad\u00eda para los extranjeros\nque ejecuten actos contrarios a la Constituci\u00f3n.<\/p>\n\n\n\n<p>&#8220;Quiz\u00e1s vaya a la c\u00e1rcel ac\u00e1 en Brasil, no va a ir\nafuera&#8221;, lanz\u00f3 Bolsonaro en referencia a Glenn Greenwald, un periodista de\nlazos con Edward Snowden que dirige el diario que revel\u00f3 en los \u00faltimos tiempos\nlas escuchas de Moro. Tambi\u00e9n aprovech\u00f3 para tratarlo de\n&#8220;sinverg\u00fcenza&#8221; por estar casado con un brasile\u00f1o y adoptar un ni\u00f1o. <\/p>\n\n\n\n<p>El medio digital de Greenwald fue el que dio a conocer en\nlos \u00faltimos meses una serie de conversaciones de Moro con otros fiscales que\ndatan de cuando el actual ministro era juez en la operaci\u00f3n Lava Jato, que\nllev\u00f3 a prisi\u00f3n al ex presidente Luiz In\u00e1cio Lula da Silva por corrupci\u00f3n\npasiva y lavado de dinero. <\/p>\n\n\n\n<p>Seg\u00fan los mensajes que difundi\u00f3 The Intercept, Moro habr\u00eda\ninterferido en el trabajo de fiscales y polic\u00eda, dirigiendo la investigaci\u00f3n\ndel proceso que estaba juzgando, en el sentido de apurar la detenci\u00f3n de Lula,\nque en ese momento marchaba primero en las encuestas para las elecciones\npresidenciales en las que finalmente triunf\u00f3 Bolsonaro, luego que el l\u00edder del\nPT fuera detenido e impedido de competir electoralmente. Con un agravante, una\nvez en el poder, Bolsonaro nombr\u00f3 super ministro de Justicia y Seguridad al\njuez que le hab\u00eda despejado el camino al Palacio del Planalto.<\/p>\n\n\n\n<p>&#8220;Al contrario de los deseos de Bolsonaro \u00e9l no es\n(todav\u00eda) un dictador. Y no tiene el poder de encarcelar personas porque a\u00fan\nexisten tribunales en funcionamiento. Y que para llevar a alguien a prisi\u00f3n hay\nque presentar pruebas ante un tribunal. Esa evidencia, no existe&#8221;, lanz\u00f3\nGreenwald en su cuenta de Twitter.<\/p>\n\n\n\n<p>Y sigui\u00f3: &#8220;Bolsonaro afirma que me cas\u00e9 con David\nMiranda y adopt\u00e9 2 ni\u00f1os como una t\u00e1ctica manipuladora para evitar la\ndeportaci\u00f3n. Aparentemente puedo predecir el futuro puesto que estoy casado con\nDavid desde hace 14 a\u00f1os, cuando yo a\u00fan era abogado&#8221;.&nbsp; <\/p>\n","protected":false},"excerpt":{"rendered":"<p>Llam\u00f3 &#8220;sinverg\u00fcenza&#8221; al estadounidense Glenn Greenwald por casarse con un brasile\u00f1o y adoptar un ni\u00f1o El Presidente de Brasil, Jair Bolsonaro dijo este s\u00e1bado en un comentario a los periodistas durante un evento militar en R\u00edo de Janeiro, que el periodista y director del medio digital The Intercept podr\u00eda ir a la c\u00e1rcel. Sucedi\u00f3 cuando la prensa indagaba sobre la \u00faltima medida dada a conocer por su ministro de Justicia, Sergio Moro, que anunci\u00f3 que busca la deportaci\u00f3n sumaria o cancelaci\u00f3n del plazo de estad\u00eda para los extranjeros que ejecuten&#8230;<\/p>\n","protected":false},"author":3,"featured_media":48609,"comment_status":"closed","ping_status":"closed","sticky":false,"template":"","format":"standard","meta":[],"categories":[4],"tags":[],"_links":{"self":[{"href":"https:\/\/www.actualidadadiario.com\/index.php\/wp-json\/wp\/v2\/posts\/48608"}],"collection":[{"href":"https:\/\/www.actualidadadiario.com\/index.php\/wp-json\/wp\/v2\/posts"}],"about":[{"href":"https:\/\/www.actualidadadiario.com\/index.php\/wp-json\/wp\/v2\/types\/post"}],"author":[{"embeddable":true,"href":"https:\/\/www.actualidadadiario.com\/index.php\/wp-json\/wp\/v2\/users\/3"}],"replies":[{"embeddable":true,"href":"https:\/\/www.actualidadadiario.com\/index.php\/wp-json\/wp\/v2\/comments?post=48608"}],"version-history":[{"count":1,"href":"https:\/\/www.actualidadadiario.com\/index.php\/wp-json\/wp\/v2\/posts\/48608\/revisions"}],"predecessor-version":[{"id":48610,"href":"https:\/\/www.actualidadadiario.com\/index.php\/wp-json\/wp\/v2\/posts\/48608\/revisions\/48610"}],"wp:featuredmedia":[{"embeddable":true,"href":"https:\/\/www.actualidadadiario.com\/index.php\/wp-json\/wp\/v2\/media\/48609"}],"wp:attachment":[{"href":"https:\/\/www.actualidadadiario.com\/index.php\/wp-json\/wp\/v2\/media?parent=48608"}],"wp:term":[{"taxonomy":"category","embeddable":true,"href":"https:\/\/www.actualidadadiario.com\/index.php\/wp-json\/wp\/v2\/categories?post=48608"},{"taxonomy":"post_tag","embeddable":true,"href":"https:\/\/www.actualidadadiario.com\/index.php\/wp-json\/wp\/v2\/tags?post=48608"}],"curies":[{"name":"wp","href":"https:\/\/api.w.org\/{rel}","templated":true}]}}