{"id":48605,"date":"2019-07-29T10:32:20","date_gmt":"2019-07-29T13:32:20","guid":{"rendered":"https:\/\/www.actualidadadiario.com\/?p=48605"},"modified":"2019-07-29T10:32:20","modified_gmt":"2019-07-29T13:32:20","slug":"alberto-fernandez-explico-que-es-necesario-recomponer-los-salarios-para-reactivar-la-economia","status":"publish","type":"post","link":"https:\/\/www.actualidadadiario.com\/index.php\/2019\/07\/29\/alberto-fernandez-explico-que-es-necesario-recomponer-los-salarios-para-reactivar-la-economia\/","title":{"rendered":"Alberto Fern\u00e1ndez explic\u00f3 que es necesario recomponer los salarios para reactivar la econom\u00eda"},"content":{"rendered":"\n<p><strong><em>El precandidato a presidente del Frente de Todos explic\u00f3 que Macri &#8220;apag\u00f3 el consumo y mat\u00f3 la econom\u00eda&#8221; y advirti\u00f3 que se pagan &#8220;tasas exorbitantes que impiden el desarrollo argentino&#8221;. Plante\u00f3 sospechas por la participaci\u00f3n de la empresa Smartmatic en el escrutinio<\/em><\/strong><\/p>\n\n\n\n<p><\/p>\n\n\n\n<p><\/p>\n\n\n\n<p>El precandidato a presidente por el Frente de Todos, Alberto\nFern\u00e1ndez, asegur\u00f3 que se propone recomponer los salarios ni bien asuma la\npresidencia y que dispondr\u00e1 un aumento de las jubilaciones del 20 por ciento.\n\u201cEse es el modo de volver a poner activa la econom\u00eda Argentina\u201d, explic\u00f3.<\/p>\n\n\n\n<p>Fern\u00e1ndez se\u00f1al\u00f3 que \u201cMacri el d\u00eda que apag\u00f3 el consumo,\nmat\u00f3 a la econom\u00eda y hay que volver a encenderla reactivando el consumo. \u00bfC\u00f3mo\nse resuelve? Poniendo plata en los bolsillos de los que trabajan y en los\njubilados\u201d.<\/p>\n\n\n\n<p>En ese marco, el precandidato presidencial que lleva de vice\nen su boleta a Cristina Kirchner asegur\u00f3: \u201cEl 10 de diciembre voy a recomponer\nsus salarios y voy a recuperar jubilaciones\u201d. Agreg\u00f3 que tomar\u00e1 esa medida\nporque \u201cno hay otro modo\u201d de volver a poner en funcionamiento la econom\u00eda y\nprecis\u00f3 que aumentar\u00e1 \u201cun 20 por ciento las jubilaciones\u201d.<\/p>\n\n\n\n<p>Fern\u00e1ndez se\u00f1al\u00f3 que \u201ctodo lo dem\u00e1s es una ficci\u00f3n te\u00f3rica\u201d\ny cuestion\u00f3 el discurso del oficialismo: \u201cEs lo que estamos viviendo, donde la\neconom\u00eda se cae todos los d\u00edas la gente se empobrece y Macri sigue diciendo que\nest\u00e1 luchando contra la inflaci\u00f3n. A los asalariados vamos a volver a meterlos\nen paritarias\u201d. Apunt\u00f3 tambi\u00e9n que buscar\u00e1 &#8220;un acuerdo concertado para que\nno repercuta sobre los precios&#8221; y les pedir\u00e1 &#8220;a los empresarios y a\nlos sindicatos que hagan un esfuerzo&#8221;.<\/p>\n\n\n\n<p>El precandidato expuso tambi\u00e9n durante una entrevista con El\nDestape que a \u201cla inflaci\u00f3n no logran contenerla, que la pobreza aumenta todos\nlos d\u00edas, que el desempleo no para de crecer y el cierre de empresas no para.\nTodos los d\u00edas hay una nueva empresa o nuevo comercio paralizado cerrado eso es\nlo que nos est\u00e1 pasando\u201d.<\/p>\n\n\n\n<p>\u201c\u00bfQuienes ganan este sistema ganan?\u201d, se pregunt\u00f3 Fern\u00e1ndez\ny a continuaci\u00f3n dio la respuesta: \u201cLos que compran LELIQ, los bancos, las\nempresas distribuidoras de energ\u00eda. \u00bfQui\u00e9n gana? No gana nadie la verdad y\ntodos los datos que tenga la econom\u00eda te muestran que la actividad econ\u00f3mica\npara abajo que el a\u00f1o que viene.\u201d En esa l\u00ednea advirti\u00f3 que \u201cpermanentemente\u201d\nse fugan divisas del pa\u00eds por la pol\u00edtica econ\u00f3mica de Macri y que \u201ca cambio\npagamos tasas exorbitantes que impiden el desarrollo argentino&#8221;.<\/p>\n\n\n\n<p>En cuanto a las diferencias entre la elecci\u00f3n actual y la de\n2015, Fern\u00e1ndez analiz\u00f3 que \u201cen aquel entonces Macri era una expectativa y\nahora es una realidad\u201d. \u201cYa nadie cree que puede hacer lo que dijo que iba a\nhacer, lo \u00fanico que se verifica todos los d\u00edas es que los datos de econom\u00eda son\nabsolutamente negativos para la gente\u201d, a\u00f1adi\u00f3.<\/p>\n\n\n\n<p><strong>Sospechas sobre\nSmartmatic y el escrutinio<\/strong><\/p>\n\n\n\n<p>Por otro lado, el exjefe de Gabinete alert\u00f3 sobre posibles\nirregularidades en el escrutinio y dijo no confiar en Smartmatic. \u201cHizo\nestragos en Venezuela, en Honduras, en El Salvador, en Filipinas. Es una\nempresa que objetivamente est\u00e1 llamada para enturbiar el proceso de recuento de\nvotos hasta que llegue lo definitivo\u201d, afirm\u00f3. Fern\u00e1ndez plante\u00f3 que tiene una\n\u201cenorme preocupaci\u00f3n\u201d al respecto y que est\u00e1n estudiando para prepararse porque\n\u201cno estamos dispuestos a tolerar que esto lo hagan, ya han ensuciado demasiadas\ncosas\u201d.<\/p>\n","protected":false},"excerpt":{"rendered":"<p>El precandidato a presidente del Frente de Todos explic\u00f3 que Macri &#8220;apag\u00f3 el consumo y mat\u00f3 la econom\u00eda&#8221; y advirti\u00f3 que se pagan &#8220;tasas exorbitantes que impiden el desarrollo argentino&#8221;. Plante\u00f3 sospechas por la participaci\u00f3n de la empresa Smartmatic en el escrutinio El precandidato a presidente por el Frente de Todos, Alberto Fern\u00e1ndez, asegur\u00f3 que se propone recomponer los salarios ni bien asuma la presidencia y que dispondr\u00e1 un aumento de las jubilaciones del 20 por ciento. \u201cEse es el modo de volver a poner activa la econom\u00eda Argentina\u201d, explic\u00f3&#8230;.<\/p>\n","protected":false},"author":3,"featured_media":48606,"comment_status":"closed","ping_status":"closed","sticky":false,"template":"","format":"standard","meta":[],"categories":[18],"tags":[],"_links":{"self":[{"href":"https:\/\/www.actualidadadiario.com\/index.php\/wp-json\/wp\/v2\/posts\/48605"}],"collection":[{"href":"https:\/\/www.actualidadadiario.com\/index.php\/wp-json\/wp\/v2\/posts"}],"about":[{"href":"https:\/\/www.actualidadadiario.com\/index.php\/wp-json\/wp\/v2\/types\/post"}],"author":[{"embeddable":true,"href":"https:\/\/www.actualidadadiario.com\/index.php\/wp-json\/wp\/v2\/users\/3"}],"replies":[{"embeddable":true,"href":"https:\/\/www.actualidadadiario.com\/index.php\/wp-json\/wp\/v2\/comments?post=48605"}],"version-history":[{"count":1,"href":"https:\/\/www.actualidadadiario.com\/index.php\/wp-json\/wp\/v2\/posts\/48605\/revisions"}],"predecessor-version":[{"id":48607,"href":"https:\/\/www.actualidadadiario.com\/index.php\/wp-json\/wp\/v2\/posts\/48605\/revisions\/48607"}],"wp:featuredmedia":[{"embeddable":true,"href":"https:\/\/www.actualidadadiario.com\/index.php\/wp-json\/wp\/v2\/media\/48606"}],"wp:attachment":[{"href":"https:\/\/www.actualidadadiario.com\/index.php\/wp-json\/wp\/v2\/media?parent=48605"}],"wp:term":[{"taxonomy":"category","embeddable":true,"href":"https:\/\/www.actualidadadiario.com\/index.php\/wp-json\/wp\/v2\/categories?post=48605"},{"taxonomy":"post_tag","embeddable":true,"href":"https:\/\/www.actualidadadiario.com\/index.php\/wp-json\/wp\/v2\/tags?post=48605"}],"curies":[{"name":"wp","href":"https:\/\/api.w.org\/{rel}","templated":true}]}}